{"id":1159,"date":"2018-02-09T11:19:18","date_gmt":"2018-02-09T10:19:18","guid":{"rendered":"http:\/\/ardearlimousin.com\/?p=1159"},"modified":"2018-02-09T11:19:18","modified_gmt":"2018-02-09T10:19:18","slug":"cafe-installation-inscriptions-ouvertes","status":"publish","type":"post","link":"https:\/\/adearlimousin.com\/index.php\/2018\/02\/09\/cafe-installation-inscriptions-ouvertes\/","title":{"rendered":"Caf\u00e9-installation &#8211; Inscriptions ouvertes !"},"content":{"rendered":"<p>Le <strong>jeudi 1er Mars 2018 \u00e0 20h au restaurant le Chemin \u00e0 Eyjeaux,<\/strong> nous vous donnons rendez-vous pour un<strong> caf\u00e9-installation<\/strong>. Cette soir\u00e9e sera l&rsquo;occasion d&rsquo;\u00e9couter le t\u00e9moignage de nouveaux install\u00e9s. Tout d&rsquo;abord Julien et Sandrine de la<a href=\"http:\/\/www.ferme-de-chantecaille.fr\/\"> ferme de Chantecaille<\/a> viendront nous parler de leur parcours agricole et de leurs choix. Pour l&rsquo;instant, le second t\u00e9moignage n&rsquo;est pas confirm\u00e9, nous vous en dirons plus rapidement.<\/p>\n<p>Les \u00e9lus locaux, les agriculteurs (de tous \u00e2ges !), les porteurs de projet agricole, toute personne int\u00e9ress\u00e9e par les probl\u00e9matiques agricoles locales sont invit\u00e9s \u00e0 venir se rencontrer et participer aux \u00e9changes.<\/p>\n<p>Les inscriptions se font aupr\u00e8s de l&rsquo;Adear Limousin au 05 87 50 41 03 ou par email sur adear.lim (at) gmail.com. N&rsquo;h\u00e9sitez-pas !<\/p>\n<p><img loading=\"lazy\" decoding=\"async\" class=\"aligncenter size-large wp-image-1141\" src=\"http:\/\/ardearlimousin.com\/wp-content\/uploads\/2018\/02\/Caf\u00e9_Instal_Aubusson-page001-724x1024.jpg\" alt=\"\" width=\"620\" height=\"877\" srcset=\"https:\/\/adearlimousin.com\/wp-content\/uploads\/2018\/02\/Caf\u00e9_Instal_Aubusson-page001-724x1024.jpg 724w, https:\/\/adearlimousin.com\/wp-content\/uploads\/2018\/02\/Caf\u00e9_Instal_Aubusson-page001-212x300.jpg 212w, https:\/\/adearlimousin.com\/wp-content\/uploads\/2018\/02\/Caf\u00e9_Instal_Aubusson-page001-768x1086.jpg 768w, https:\/\/adearlimousin.com\/wp-content\/uploads\/2018\/02\/Caf\u00e9_Instal_Aubusson-page001-600x848.jpg 600w, https:\/\/adearlimousin.com\/wp-content\/uploads\/2018\/02\/Caf\u00e9_Instal_Aubusson-page001-269x380.jpg 269w\" sizes=\"auto, (max-width: 620px) 100vw, 620px\" \/><\/p>\n<p>&nbsp;<\/p>\n","protected":false},"excerpt":{"rendered":"<p>Le jeudi 1er Mars 2018 \u00e0 20h au restaurant le Chemin \u00e0 Eyjeaux, nous vous donnons rendez-vous pour un caf\u00e9-installation. Cette soir\u00e9e sera l&rsquo;occasion d&rsquo;\u00e9couter le t\u00e9moignage de nouveaux install\u00e9s. &hellip; <a href=\"https:\/\/adearlimousin.com\/index.php\/2018\/02\/09\/cafe-installation-inscriptions-ouvertes\/\" class=\"more-link\">Lire la suite <span class=\"screen-reader-text\">Caf\u00e9-installation &#8211; Inscriptions ouvertes !<\/span><\/a><\/p>\n","protected":false},"author":1,"featured_media":0,"comment_status":"closed","ping_status":"open","sticky":false,"template":"","format":"standard","meta":{"_uag_custom_page_level_css":"","_EventAllDay":false,"_EventTimezone":"","_EventStartDate":"","_EventEndDate":"","_EventStartDateUTC":"","_EventEndDateUTC":"","_EventShowMap":false,"_EventShowMapLink":false,"_EventURL":"","_EventCost":"","_EventCostDescription":"","_EventCurrencySymbol":"","_EventCurrencyCode":"","_EventCurrencyPosition":"","_EventDateTimeSeparator":"","_EventTimeRangeSeparator":"","_EventOrganizerID":[],"_EventVenueID":[],"_OrganizerEmail":"","_OrganizerPhone":"","_OrganizerWebsite":"","_VenueAddress":"","_VenueCity":"","_VenueCountry":"","_VenueProvince":"","_VenueState":"","_VenueZip":"","_VenuePhone":"","_VenueURL":"","_VenueStateProvince":"","_VenueLat":"","_VenueLng":"","_VenueShowMap":false,"_VenueShowMapLink":false,"_jetpack_memberships_contains_paid_content":false,"footnotes":"","jetpack_publicize_message":"","jetpack_publicize_feature_enabled":true,"jetpack_social_post_already_shared":true,"jetpack_social_options":{"image_generator_settings":{"template":"highway","default_image_id":0,"font":"","enabled":false},"version":2}},"categories":[1],"tags":[],"class_list":["post-1159","post","type-post","status-publish","format-standard","hentry","category-non-classe","without-featured-image"],"yoast_head":"<!-- This site is optimized with the Yoast SEO plugin v27.1.1 - https:\/\/yoast.com\/product\/yoast-seo-wordpress\/ -->\n<title>Caf\u00e9-installation - Inscriptions ouvertes ! - ADEAR Limousin<\/title>\n<meta name=\"robots\" content=\"index, follow, max-snippet:-1, max-image-preview:large, max-video-preview:-1\" \/>\n<link rel=\"canonical\" href=\"https:\/\/adearlimousin.com\/index.php\/2018\/02\/09\/cafe-installation-inscriptions-ouvertes\/\" \/>\n<meta property=\"og:locale\" content=\"fr_FR\" \/>\n<meta property=\"og:type\" content=\"article\" \/>\n<meta property=\"og:title\" content=\"Caf\u00e9-installation - Inscriptions ouvertes ! - ADEAR Limousin\" \/>\n<meta property=\"og:description\" content=\"Le jeudi 1er Mars 2018 \u00e0 20h au restaurant le Chemin \u00e0 Eyjeaux, nous vous donnons rendez-vous pour un caf\u00e9-installation. Cette soir\u00e9e sera l&rsquo;occasion d&rsquo;\u00e9couter le t\u00e9moignage de nouveaux install\u00e9s. &hellip; Lire la suite Caf\u00e9-installation &#8211; Inscriptions ouvertes !\" \/>\n<meta property=\"og:url\" content=\"https:\/\/adearlimousin.com\/index.php\/2018\/02\/09\/cafe-installation-inscriptions-ouvertes\/\" \/>\n<meta property=\"og:site_name\" content=\"ADEAR Limousin\" \/>\n<meta property=\"article:publisher\" content=\"https:\/\/www.facebook.com\/adearlimousin\" \/>\n<meta property=\"article:author\" content=\"www.facebook.com\/adearlimousin\" \/>\n<meta property=\"article:published_time\" content=\"2018-02-09T10:19:18+00:00\" \/>\n<meta property=\"og:image\" content=\"http:\/\/ardearlimousin.com\/wp-content\/uploads\/2018\/02\/Caf\u00e9_Instal_Aubusson-page001-724x1024.jpg\" \/>\n<meta name=\"author\" content=\"Adearlim\" \/>\n<meta name=\"twitter:card\" content=\"summary_large_image\" \/>\n<meta name=\"twitter:label1\" content=\"\u00c9crit par\" \/>\n\t<meta name=\"twitter:data1\" content=\"Adearlim\" \/>\n\t<meta name=\"twitter:label2\" content=\"Dur\u00e9e de lecture estim\u00e9e\" \/>\n\t<meta name=\"twitter:data2\" content=\"1 minute\" \/>\n<script type=\"application\/ld+json\" class=\"yoast-schema-graph\">{\"@context\":\"https:\/\/schema.org\",\"@graph\":[{\"@type\":\"Article\",\"@id\":\"https:\/\/adearlimousin.com\/index.php\/2018\/02\/09\/cafe-installation-inscriptions-ouvertes\/#article\",\"isPartOf\":{\"@id\":\"https:\/\/adearlimousin.com\/index.php\/2018\/02\/09\/cafe-installation-inscriptions-ouvertes\/\"},\"author\":{\"name\":\"Adearlim\",\"@id\":\"https:\/\/adearlimousin.com\/#\/schema\/person\/4bb74e0bb3a7a85a5aaff17ff1e66915\"},\"headline\":\"Caf\u00e9-installation &#8211; Inscriptions ouvertes !\",\"datePublished\":\"2018-02-09T10:19:18+00:00\",\"mainEntityOfPage\":{\"@id\":\"https:\/\/adearlimousin.com\/index.php\/2018\/02\/09\/cafe-installation-inscriptions-ouvertes\/\"},\"wordCount\":129,\"publisher\":{\"@id\":\"https:\/\/adearlimousin.com\/#organization\"},\"inLanguage\":\"fr-FR\"},{\"@type\":\"WebPage\",\"@id\":\"https:\/\/adearlimousin.com\/index.php\/2018\/02\/09\/cafe-installation-inscriptions-ouvertes\/\",\"url\":\"https:\/\/adearlimousin.com\/index.php\/2018\/02\/09\/cafe-installation-inscriptions-ouvertes\/\",\"name\":\"Caf\u00e9-installation - Inscriptions ouvertes ! - ADEAR Limousin\",\"isPartOf\":{\"@id\":\"https:\/\/adearlimousin.com\/#website\"},\"datePublished\":\"2018-02-09T10:19:18+00:00\",\"breadcrumb\":{\"@id\":\"https:\/\/adearlimousin.com\/index.php\/2018\/02\/09\/cafe-installation-inscriptions-ouvertes\/#breadcrumb\"},\"inLanguage\":\"fr-FR\",\"potentialAction\":[{\"@type\":\"ReadAction\",\"target\":[\"https:\/\/adearlimousin.com\/index.php\/2018\/02\/09\/cafe-installation-inscriptions-ouvertes\/\"]}]},{\"@type\":\"BreadcrumbList\",\"@id\":\"https:\/\/adearlimousin.com\/index.php\/2018\/02\/09\/cafe-installation-inscriptions-ouvertes\/#breadcrumb\",\"itemListElement\":[{\"@type\":\"ListItem\",\"position\":1,\"name\":\"Accueil\",\"item\":\"https:\/\/adearlimousin.com\/\"},{\"@type\":\"ListItem\",\"position\":2,\"name\":\"Caf\u00e9-installation &#8211; Inscriptions ouvertes !\"}]},{\"@type\":\"WebSite\",\"@id\":\"https:\/\/adearlimousin.com\/#website\",\"url\":\"https:\/\/adearlimousin.com\/\",\"name\":\"ADEAR Limousin\",\"description\":\"\u00catre paysan\u00b7ne en Limousin\",\"publisher\":{\"@id\":\"https:\/\/adearlimousin.com\/#organization\"},\"potentialAction\":[{\"@type\":\"SearchAction\",\"target\":{\"@type\":\"EntryPoint\",\"urlTemplate\":\"https:\/\/adearlimousin.com\/?s={search_term_string}\"},\"query-input\":{\"@type\":\"PropertyValueSpecification\",\"valueRequired\":true,\"valueName\":\"search_term_string\"}}],\"inLanguage\":\"fr-FR\"},{\"@type\":\"Organization\",\"@id\":\"https:\/\/adearlimousin.com\/#organization\",\"name\":\"Adear Limousin\",\"url\":\"https:\/\/adearlimousin.com\/\",\"logo\":{\"@type\":\"ImageObject\",\"inLanguage\":\"fr-FR\",\"@id\":\"https:\/\/adearlimousin.com\/#\/schema\/logo\/image\/\",\"url\":\"https:\/\/adearlimousin.com\/wp-content\/uploads\/2017\/04\/ADEARLimousin-RAP_V14cm.jpg\",\"contentUrl\":\"https:\/\/adearlimousin.com\/wp-content\/uploads\/2017\/04\/ADEARLimousin-RAP_V14cm.jpg\",\"width\":142,\"height\":118,\"caption\":\"Adear Limousin\"},\"image\":{\"@id\":\"https:\/\/adearlimousin.com\/#\/schema\/logo\/image\/\"},\"sameAs\":[\"https:\/\/www.facebook.com\/adearlimousin\"]},{\"@type\":\"Person\",\"@id\":\"https:\/\/adearlimousin.com\/#\/schema\/person\/4bb74e0bb3a7a85a5aaff17ff1e66915\",\"name\":\"Adearlim\",\"image\":{\"@type\":\"ImageObject\",\"inLanguage\":\"fr-FR\",\"@id\":\"https:\/\/adearlimousin.com\/#\/schema\/person\/image\/\",\"url\":\"https:\/\/secure.gravatar.com\/avatar\/b430ec7ba00b35d85d2ee0d6e5c02ad0bb6da2807681e933a2bc9f5a75dc7b21?s=96&d=mm&r=g\",\"contentUrl\":\"https:\/\/secure.gravatar.com\/avatar\/b430ec7ba00b35d85d2ee0d6e5c02ad0bb6da2807681e933a2bc9f5a75dc7b21?s=96&d=mm&r=g\",\"caption\":\"Adearlim\"},\"sameAs\":[\"www.facebook.com\/adearlimousin\"]}]}<\/script>\n<!-- \/ Yoast SEO plugin. -->","yoast_head_json":{"title":"Caf\u00e9-installation - Inscriptions ouvertes ! - ADEAR Limousin","robots":{"index":"index","follow":"follow","max-snippet":"max-snippet:-1","max-image-preview":"max-image-preview:large","max-video-preview":"max-video-preview:-1"},"canonical":"https:\/\/adearlimousin.com\/index.php\/2018\/02\/09\/cafe-installation-inscriptions-ouvertes\/","og_locale":"fr_FR","og_type":"article","og_title":"Caf\u00e9-installation - Inscriptions ouvertes ! - ADEAR Limousin","og_description":"Le jeudi 1er Mars 2018 \u00e0 20h au restaurant le Chemin \u00e0 Eyjeaux, nous vous donnons rendez-vous pour un caf\u00e9-installation. Cette soir\u00e9e sera l&rsquo;occasion d&rsquo;\u00e9couter le t\u00e9moignage de nouveaux install\u00e9s. &hellip; Lire la suite Caf\u00e9-installation &#8211; Inscriptions ouvertes !","og_url":"https:\/\/adearlimousin.com\/index.php\/2018\/02\/09\/cafe-installation-inscriptions-ouvertes\/","og_site_name":"ADEAR Limousin","article_publisher":"https:\/\/www.facebook.com\/adearlimousin","article_author":"www.facebook.com\/adearlimousin","article_published_time":"2018-02-09T10:19:18+00:00","og_image":[{"url":"http:\/\/ardearlimousin.com\/wp-content\/uploads\/2018\/02\/Caf\u00e9_Instal_Aubusson-page001-724x1024.jpg","type":"","width":"","height":""}],"author":"Adearlim","twitter_card":"summary_large_image","twitter_misc":{"\u00c9crit par":"Adearlim","Dur\u00e9e de lecture estim\u00e9e":"1 minute"},"schema":{"@context":"https:\/\/schema.org","@graph":[{"@type":"Article","@id":"https:\/\/adearlimousin.com\/index.php\/2018\/02\/09\/cafe-installation-inscriptions-ouvertes\/#article","isPartOf":{"@id":"https:\/\/adearlimousin.com\/index.php\/2018\/02\/09\/cafe-installation-inscriptions-ouvertes\/"},"author":{"name":"Adearlim","@id":"https:\/\/adearlimousin.com\/#\/schema\/person\/4bb74e0bb3a7a85a5aaff17ff1e66915"},"headline":"Caf\u00e9-installation &#8211; Inscriptions ouvertes !","datePublished":"2018-02-09T10:19:18+00:00","mainEntityOfPage":{"@id":"https:\/\/adearlimousin.com\/index.php\/2018\/02\/09\/cafe-installation-inscriptions-ouvertes\/"},"wordCount":129,"publisher":{"@id":"https:\/\/adearlimousin.com\/#organization"},"inLanguage":"fr-FR"},{"@type":"WebPage","@id":"https:\/\/adearlimousin.com\/index.php\/2018\/02\/09\/cafe-installation-inscriptions-ouvertes\/","url":"https:\/\/adearlimousin.com\/index.php\/2018\/02\/09\/cafe-installation-inscriptions-ouvertes\/","name":"Caf\u00e9-installation - Inscriptions ouvertes ! - ADEAR Limousin","isPartOf":{"@id":"https:\/\/adearlimousin.com\/#website"},"datePublished":"2018-02-09T10:19:18+00:00","breadcrumb":{"@id":"https:\/\/adearlimousin.com\/index.php\/2018\/02\/09\/cafe-installation-inscriptions-ouvertes\/#breadcrumb"},"inLanguage":"fr-FR","potentialAction":[{"@type":"ReadAction","target":["https:\/\/adearlimousin.com\/index.php\/2018\/02\/09\/cafe-installation-inscriptions-ouvertes\/"]}]},{"@type":"BreadcrumbList","@id":"https:\/\/adearlimousin.com\/index.php\/2018\/02\/09\/cafe-installation-inscriptions-ouvertes\/#breadcrumb","itemListElement":[{"@type":"ListItem","position":1,"name":"Accueil","item":"https:\/\/adearlimousin.com\/"},{"@type":"ListItem","position":2,"name":"Caf\u00e9-installation &#8211; Inscriptions ouvertes !"}]},{"@type":"WebSite","@id":"https:\/\/adearlimousin.com\/#website","url":"https:\/\/adearlimousin.com\/","name":"ADEAR Limousin","description":"\u00catre paysan\u00b7ne en Limousin","publisher":{"@id":"https:\/\/adearlimousin.com\/#organization"},"potentialAction":[{"@type":"SearchAction","target":{"@type":"EntryPoint","urlTemplate":"https:\/\/adearlimousin.com\/?s={search_term_string}"},"query-input":{"@type":"PropertyValueSpecification","valueRequired":true,"valueName":"search_term_string"}}],"inLanguage":"fr-FR"},{"@type":"Organization","@id":"https:\/\/adearlimousin.com\/#organization","name":"Adear Limousin","url":"https:\/\/adearlimousin.com\/","logo":{"@type":"ImageObject","inLanguage":"fr-FR","@id":"https:\/\/adearlimousin.com\/#\/schema\/logo\/image\/","url":"https:\/\/adearlimousin.com\/wp-content\/uploads\/2017\/04\/ADEARLimousin-RAP_V14cm.jpg","contentUrl":"https:\/\/adearlimousin.com\/wp-content\/uploads\/2017\/04\/ADEARLimousin-RAP_V14cm.jpg","width":142,"height":118,"caption":"Adear Limousin"},"image":{"@id":"https:\/\/adearlimousin.com\/#\/schema\/logo\/image\/"},"sameAs":["https:\/\/www.facebook.com\/adearlimousin"]},{"@type":"Person","@id":"https:\/\/adearlimousin.com\/#\/schema\/person\/4bb74e0bb3a7a85a5aaff17ff1e66915","name":"Adearlim","image":{"@type":"ImageObject","inLanguage":"fr-FR","@id":"https:\/\/adearlimousin.com\/#\/schema\/person\/image\/","url":"https:\/\/secure.gravatar.com\/avatar\/b430ec7ba00b35d85d2ee0d6e5c02ad0bb6da2807681e933a2bc9f5a75dc7b21?s=96&d=mm&r=g","contentUrl":"https:\/\/secure.gravatar.com\/avatar\/b430ec7ba00b35d85d2ee0d6e5c02ad0bb6da2807681e933a2bc9f5a75dc7b21?s=96&d=mm&r=g","caption":"Adearlim"},"sameAs":["www.facebook.com\/adearlimousin"]}]}},"jetpack_publicize_connections":[],"jetpack_featured_media_url":"","uagb_featured_image_src":{"full":false,"thumbnail":false,"medium":false,"medium_large":false,"large":false,"1536x1536":false,"2048x2048":false,"post-thumbnail":false,"sela-hero-thumbnail":false,"sela-page-thumbnail":false,"sela-grid-thumbnail":false,"sela-testimonial-thumbnail":false,"sela-logo":false},"uagb_author_info":{"display_name":"Adearlim","author_link":"https:\/\/adearlimousin.com\/index.php\/author\/admin3869\/"},"uagb_comment_info":0,"uagb_excerpt":"Le jeudi 1er Mars 2018 \u00e0 20h au restaurant le Chemin \u00e0 Eyjeaux, nous vous donnons rendez-vous pour un caf\u00e9-installation. Cette soir\u00e9e sera l&rsquo;occasion d&rsquo;\u00e9couter le t\u00e9moignage de nouveaux install\u00e9s. &hellip; Lire la suite Caf\u00e9-installation &#8211; Inscriptions ouvertes !","jetpack_sharing_enabled":true,"jetpack_shortlink":"https:\/\/wp.me\/p8DPFj-iH","jetpack_likes_enabled":false,"_links":{"self":[{"href":"https:\/\/adearlimousin.com\/index.php\/wp-json\/wp\/v2\/posts\/1159","targetHints":{"allow":["GET"]}}],"collection":[{"href":"https:\/\/adearlimousin.com\/index.php\/wp-json\/wp\/v2\/posts"}],"about":[{"href":"https:\/\/adearlimousin.com\/index.php\/wp-json\/wp\/v2\/types\/post"}],"author":[{"embeddable":true,"href":"https:\/\/adearlimousin.com\/index.php\/wp-json\/wp\/v2\/users\/1"}],"replies":[{"embeddable":true,"href":"https:\/\/adearlimousin.com\/index.php\/wp-json\/wp\/v2\/comments?post=1159"}],"version-history":[{"count":1,"href":"https:\/\/adearlimousin.com\/index.php\/wp-json\/wp\/v2\/posts\/1159\/revisions"}],"predecessor-version":[{"id":1160,"href":"https:\/\/adearlimousin.com\/index.php\/wp-json\/wp\/v2\/posts\/1159\/revisions\/1160"}],"wp:attachment":[{"href":"https:\/\/adearlimousin.com\/index.php\/wp-json\/wp\/v2\/media?parent=1159"}],"wp:term":[{"taxonomy":"category","embeddable":true,"href":"https:\/\/adearlimousin.com\/index.php\/wp-json\/wp\/v2\/categories?post=1159"},{"taxonomy":"post_tag","embeddable":true,"href":"https:\/\/adearlimousin.com\/index.php\/wp-json\/wp\/v2\/tags?post=1159"}],"curies":[{"name":"wp","href":"https:\/\/api.w.org\/{rel}","templated":true}]}}