{"id":1390,"date":"2018-06-20T17:00:33","date_gmt":"2018-06-20T15:00:33","guid":{"rendered":"http:\/\/adearlimousin.com\/?p=1390"},"modified":"2018-06-20T17:00:33","modified_gmt":"2018-06-20T15:00:33","slug":"les-manoeuvres-deleteres-dun-syndicat-agricole-ou-comment-ne-pas-relever-les-enjeux-pourtant-cruciaux-du-secteur","status":"publish","type":"post","link":"https:\/\/adearlimousin.com\/index.php\/2018\/06\/20\/les-manoeuvres-deleteres-dun-syndicat-agricole-ou-comment-ne-pas-relever-les-enjeux-pourtant-cruciaux-du-secteur\/","title":{"rendered":"Les manoeuvres d\u00e9l\u00e9t\u00e8res d\u2019un syndicat agricole ou comment ne pas relever les enjeux pourtant cruciaux du secteur"},"content":{"rendered":"<p style=\"text-align: right;\"><img loading=\"lazy\" decoding=\"async\" class=\"wp-image-1392 alignright\" src=\"http:\/\/adearlimousin.com\/wp-content\/uploads\/2018\/06\/ARDEARNA-page001-1024x853.png\" alt=\"\" width=\"156\" height=\"130\" srcset=\"https:\/\/adearlimousin.com\/wp-content\/uploads\/2018\/06\/ARDEARNA-page001-1024x853.png 1024w, https:\/\/adearlimousin.com\/wp-content\/uploads\/2018\/06\/ARDEARNA-page001-300x250.png 300w, https:\/\/adearlimousin.com\/wp-content\/uploads\/2018\/06\/ARDEARNA-page001-768x640.png 768w, https:\/\/adearlimousin.com\/wp-content\/uploads\/2018\/06\/ARDEARNA-page001-600x500.png 600w, https:\/\/adearlimousin.com\/wp-content\/uploads\/2018\/06\/ARDEARNA-page001-456x380.png 456w\" sizes=\"auto, (max-width: 156px) 100vw, 156px\" \/><\/p>\n<p><img loading=\"lazy\" decoding=\"async\" class=\"wp-image-1391 alignleft\" src=\"http:\/\/adearlimousin.com\/wp-content\/uploads\/2018\/06\/logo.CPL-2017.png\" alt=\"\" width=\"120\" height=\"174\" srcset=\"https:\/\/adearlimousin.com\/wp-content\/uploads\/2018\/06\/logo.CPL-2017.png 373w, https:\/\/adearlimousin.com\/wp-content\/uploads\/2018\/06\/logo.CPL-2017-207x300.png 207w, https:\/\/adearlimousin.com\/wp-content\/uploads\/2018\/06\/logo.CPL-2017-262x380.png 262w\" sizes=\"auto, (max-width: 120px) 100vw, 120px\" \/><\/p>\n<p>&nbsp;<\/p>\n<p>&nbsp;<\/p>\n<p>&nbsp;<\/p>\n<p style=\"text-align: right;\">Limoges, le 15 juin 2018<\/p>\n<h3 style=\"text-align: center;\"><strong><span style=\"color: #e20026;\">Communiqu\u00e9 de presse<\/span><\/strong><\/h3>\n<p style=\"text-align: left;\">Le 13 juin, le syndicat Jeunes Agriculteurs (JA) r\u00e9unissait, apr\u00e8s un ersatz de concertation, une partie des acteurs du monde agricole pour int\u00e9grer une nouvelle association r\u00e9gionale, CAPITAIN. L\u2019objectif affich\u00e9 : \u00ab coordonner la politique d\u2019installation transmission \u00bb \u00e0 l\u2019\u00e9chelle de la Nouvelle-Aquitaine ! La Conf\u00e9d\u00e9ration paysanne et l\u2019Ardear Nouvelle-Aquitaine, ont refus\u00e9 d\u2019int\u00e9grer cette structure et d\u00e9noncent une manoeuvre grossi\u00e8re orchestr\u00e9e par les JA.<br \/>\nCes derniers se pr\u00e9sentent aujourd\u2019hui comme \u00ab acteurs incontournables \u00bb de l\u2019installation agricole, ou devrait-on dire de l\u2019\u00e9chec de l\u2019installation agricole ? Depuis 60 ans que les JA, en lien \u00e9troit avec la FNSEA, pratiquent la co-gestion avec les d\u00e9cideurs politiques, quels r\u00e9sultats pour le monde agricole ? Une perte de 3 millions de paysans et paysannes en 50 ans et des d\u00e9fis \u00e9conomiques et \u00e9cologiques qui paraissent insurmontables \u00e0 ceux et celles qui subsistent, tant les choix op\u00e9r\u00e9s les ont conduits dans l\u2019impasse !<br \/>\nLaisser la politique d\u2019installation transmission aux mains des JA et de leurs partenaires privil\u00e9gi\u00e9s (FNSEA, chambre d\u2019agriculture, banques\u2026) fait rimer installation avec agrandissement des fermes et diminution du nombre de paysans !<br \/>\nAlors que les citoyens pl\u00e9biscitent une autre forme d\u2019agriculture (agriculture paysanne, projets collectifs et associatifs, en circuits courts, en agro\u00e9cologie ou bio, ou encore port\u00e9s par des personnes non issues du milieu agricoles), ces m\u00eames \u00ab acteurs incontournables \u00bb mettent tout en oeuvre pour limiter son d\u00e9veloppement et emp\u00eacher un accompagnement adapt\u00e9 de ces nouveaux porteurs de projet.<\/p>\n<p style=\"text-align: left;\">A l\u2019heure o\u00f9 s\u2019annonce une vague massive de d\u00e9parts en retraite dans le monde agricole (3000 en Nouvelle-Aquitaine sur la seule ann\u00e9e 2016 et le chiffre grimpe chaque ann\u00e9e), les JA campent sur leurs positions et promeuvent les installations \u00ab aid\u00e9es \u00bb comme ultime solution \u00e0 la probl\u00e9matique du renouvellement des g\u00e9n\u00e9rations. Pourtant les installations aid\u00e9es repr\u00e9sentent moins d\u2019un tiers* des installations en France et sont peu accessibles aux projets pr\u00e9cit\u00e9s.<\/p>\n<p style=\"text-align: left;\">Le calcul est rapide : toujours plus d\u2019agrandissement des fermes et toujours moins de paysans !<\/p>\n<p>Face \u00e0 cette volont\u00e9 de mainmise ill\u00e9gitime sur la politique d\u2019installation r\u00e9gionale et \u00e0 la menace qu\u2019elle fait peser sur la paysannerie et les campagnes, la Conf\u00e9d\u00e9ration paysanne et l\u2019Ardear Nouvelle-Aquitaine appellent les pouvoirs publics \u00e0 r\u00e9affirmer leur r\u00f4le : piloter la politique d\u2019installation transmission de la r\u00e9gion en garantissant \u00e0 TOUS les acteurs une repr\u00e9sentation \u00e9quilibr\u00e9e dans les processus de concertation et un soutien \u00e0 la hauteur de leur contribution.<\/p>\n<hr \/>\n<p>Pour info\u00a0: Les structures invit\u00e9es \u00e0 constituer l\u2019association CAPITAIN sont\u00a0(1 titulaire par structure): JA NA (2 repr\u00e9sentants dont le pr\u00e9sident de l\u2019association), FNSEA NA, Coordination Rurale NA,\u00a0 Conf\u00e9d\u00e9ration Paysanne NA, ARDEAR NA, FRCUMA, Chambre R\u00e9gionale d\u2019Agriculture NA, Chambre D\u00e9partementale d\u2019Agriculture &#8211; 1 repr\u00e9sentant pour chaque CDA\u00a0! -, MSA, SAFER NA, Cr\u00e9dit Agricole, Cr\u00e9dit Mutuel, Banque Populaire, Groupama, Service de Remplacement NA, COOP de FRANCE NA, GAEC et Soci\u00e9t\u00e9s.<\/p>\n<p>* Source : pr\u00e9sentation CRIT du 06-04-2018 et Observatoire r\u00e9gional \u00ab Installation Transmission \u00bb 2018 des Chambres d\u2019Agriculture Nouvelle-Aquitaine<\/p>\n","protected":false},"excerpt":{"rendered":"<p>&nbsp; &nbsp; &nbsp; Limoges, le 15 juin 2018 Communiqu\u00e9 de presse Le 13 juin, le syndicat Jeunes Agriculteurs (JA) r\u00e9unissait, apr\u00e8s un ersatz de concertation, une partie des acteurs du &hellip; <a href=\"https:\/\/adearlimousin.com\/index.php\/2018\/06\/20\/les-manoeuvres-deleteres-dun-syndicat-agricole-ou-comment-ne-pas-relever-les-enjeux-pourtant-cruciaux-du-secteur\/\" class=\"more-link\">Lire la suite <span class=\"screen-reader-text\">Les manoeuvres d\u00e9l\u00e9t\u00e8res d\u2019un syndicat agricole ou comment ne pas relever les enjeux pourtant cruciaux du secteur<\/span><\/a><\/p>\n","protected":false},"author":1,"featured_media":0,"comment_status":"closed","ping_status":"open","sticky":false,"template":"","format":"standard","meta":{"_uag_custom_page_level_css":"","_EventAllDay":false,"_EventTimezone":"","_EventStartDate":"","_EventEndDate":"","_EventStartDateUTC":"","_EventEndDateUTC":"","_EventShowMap":false,"_EventShowMapLink":false,"_EventURL":"","_EventCost":"","_EventCostDescription":"","_EventCurrencySymbol":"","_EventCurrencyCode":"","_EventCurrencyPosition":"","_EventDateTimeSeparator":"","_EventTimeRangeSeparator":"","_EventOrganizerID":[],"_EventVenueID":[],"_OrganizerEmail":"","_OrganizerPhone":"","_OrganizerWebsite":"","_VenueAddress":"","_VenueCity":"","_VenueCountry":"","_VenueProvince":"","_VenueState":"","_VenueZip":"","_VenuePhone":"","_VenueURL":"","_VenueStateProvince":"","_VenueLat":"","_VenueLng":"","_VenueShowMap":false,"_VenueShowMapLink":false,"_jetpack_memberships_contains_paid_content":false,"footnotes":"","jetpack_publicize_message":"","jetpack_publicize_feature_enabled":true,"jetpack_social_post_already_shared":true,"jetpack_social_options":{"image_generator_settings":{"template":"highway","default_image_id":0,"font":"","enabled":false},"version":2}},"categories":[1],"tags":[],"class_list":["post-1390","post","type-post","status-publish","format-standard","hentry","category-non-classe","without-featured-image"],"yoast_head":"<!-- This site is optimized with the Yoast SEO plugin v27.1.1 - https:\/\/yoast.com\/product\/yoast-seo-wordpress\/ -->\n<title>Les manoeuvres d\u00e9l\u00e9t\u00e8res d\u2019un syndicat agricole ou comment ne pas relever les enjeux pourtant cruciaux du secteur - ADEAR Limousin<\/title>\n<meta name=\"robots\" content=\"index, follow, max-snippet:-1, max-image-preview:large, max-video-preview:-1\" \/>\n<link rel=\"canonical\" href=\"https:\/\/adearlimousin.com\/index.php\/2018\/06\/20\/les-manoeuvres-deleteres-dun-syndicat-agricole-ou-comment-ne-pas-relever-les-enjeux-pourtant-cruciaux-du-secteur\/\" \/>\n<meta property=\"og:locale\" content=\"fr_FR\" \/>\n<meta property=\"og:type\" content=\"article\" \/>\n<meta property=\"og:title\" content=\"Les manoeuvres d\u00e9l\u00e9t\u00e8res d\u2019un syndicat agricole ou comment ne pas relever les enjeux pourtant cruciaux du secteur - ADEAR Limousin\" \/>\n<meta property=\"og:description\" content=\"&nbsp; &nbsp; &nbsp; Limoges, le 15 juin 2018 Communiqu\u00e9 de presse Le 13 juin, le syndicat Jeunes Agriculteurs (JA) r\u00e9unissait, apr\u00e8s un ersatz de concertation, une partie des acteurs du &hellip; Lire la suite Les manoeuvres d\u00e9l\u00e9t\u00e8res d\u2019un syndicat agricole ou comment ne pas relever les enjeux pourtant cruciaux du secteur\" \/>\n<meta property=\"og:url\" content=\"https:\/\/adearlimousin.com\/index.php\/2018\/06\/20\/les-manoeuvres-deleteres-dun-syndicat-agricole-ou-comment-ne-pas-relever-les-enjeux-pourtant-cruciaux-du-secteur\/\" \/>\n<meta property=\"og:site_name\" content=\"ADEAR Limousin\" \/>\n<meta property=\"article:publisher\" content=\"https:\/\/www.facebook.com\/adearlimousin\" \/>\n<meta property=\"article:author\" content=\"www.facebook.com\/adearlimousin\" \/>\n<meta property=\"article:published_time\" content=\"2018-06-20T15:00:33+00:00\" \/>\n<meta property=\"og:image\" content=\"http:\/\/adearlimousin.com\/wp-content\/uploads\/2018\/06\/ARDEARNA-page001-1024x853.png\" \/>\n<meta name=\"author\" content=\"Adearlim\" \/>\n<meta name=\"twitter:card\" content=\"summary_large_image\" \/>\n<meta name=\"twitter:label1\" content=\"\u00c9crit par\" \/>\n\t<meta name=\"twitter:data1\" content=\"Adearlim\" \/>\n\t<meta name=\"twitter:label2\" content=\"Dur\u00e9e de lecture estim\u00e9e\" \/>\n\t<meta name=\"twitter:data2\" content=\"3 minutes\" \/>\n<script type=\"application\/ld+json\" class=\"yoast-schema-graph\">{\"@context\":\"https:\/\/schema.org\",\"@graph\":[{\"@type\":\"Article\",\"@id\":\"https:\/\/adearlimousin.com\/index.php\/2018\/06\/20\/les-manoeuvres-deleteres-dun-syndicat-agricole-ou-comment-ne-pas-relever-les-enjeux-pourtant-cruciaux-du-secteur\/#article\",\"isPartOf\":{\"@id\":\"https:\/\/adearlimousin.com\/index.php\/2018\/06\/20\/les-manoeuvres-deleteres-dun-syndicat-agricole-ou-comment-ne-pas-relever-les-enjeux-pourtant-cruciaux-du-secteur\/\"},\"author\":{\"name\":\"Adearlim\",\"@id\":\"https:\/\/adearlimousin.com\/#\/schema\/person\/4bb74e0bb3a7a85a5aaff17ff1e66915\"},\"headline\":\"Les manoeuvres d\u00e9l\u00e9t\u00e8res d\u2019un syndicat agricole ou comment ne pas relever les enjeux pourtant cruciaux du secteur\",\"datePublished\":\"2018-06-20T15:00:33+00:00\",\"mainEntityOfPage\":{\"@id\":\"https:\/\/adearlimousin.com\/index.php\/2018\/06\/20\/les-manoeuvres-deleteres-dun-syndicat-agricole-ou-comment-ne-pas-relever-les-enjeux-pourtant-cruciaux-du-secteur\/\"},\"wordCount\":560,\"publisher\":{\"@id\":\"https:\/\/adearlimousin.com\/#organization\"},\"image\":{\"@id\":\"https:\/\/adearlimousin.com\/index.php\/2018\/06\/20\/les-manoeuvres-deleteres-dun-syndicat-agricole-ou-comment-ne-pas-relever-les-enjeux-pourtant-cruciaux-du-secteur\/#primaryimage\"},\"thumbnailUrl\":\"http:\/\/adearlimousin.com\/wp-content\/uploads\/2018\/06\/ARDEARNA-page001-1024x853.png\",\"inLanguage\":\"fr-FR\"},{\"@type\":\"WebPage\",\"@id\":\"https:\/\/adearlimousin.com\/index.php\/2018\/06\/20\/les-manoeuvres-deleteres-dun-syndicat-agricole-ou-comment-ne-pas-relever-les-enjeux-pourtant-cruciaux-du-secteur\/\",\"url\":\"https:\/\/adearlimousin.com\/index.php\/2018\/06\/20\/les-manoeuvres-deleteres-dun-syndicat-agricole-ou-comment-ne-pas-relever-les-enjeux-pourtant-cruciaux-du-secteur\/\",\"name\":\"Les manoeuvres d\u00e9l\u00e9t\u00e8res d\u2019un syndicat agricole ou comment ne pas relever les enjeux pourtant cruciaux du secteur - ADEAR Limousin\",\"isPartOf\":{\"@id\":\"https:\/\/adearlimousin.com\/#website\"},\"primaryImageOfPage\":{\"@id\":\"https:\/\/adearlimousin.com\/index.php\/2018\/06\/20\/les-manoeuvres-deleteres-dun-syndicat-agricole-ou-comment-ne-pas-relever-les-enjeux-pourtant-cruciaux-du-secteur\/#primaryimage\"},\"image\":{\"@id\":\"https:\/\/adearlimousin.com\/index.php\/2018\/06\/20\/les-manoeuvres-deleteres-dun-syndicat-agricole-ou-comment-ne-pas-relever-les-enjeux-pourtant-cruciaux-du-secteur\/#primaryimage\"},\"thumbnailUrl\":\"http:\/\/adearlimousin.com\/wp-content\/uploads\/2018\/06\/ARDEARNA-page001-1024x853.png\",\"datePublished\":\"2018-06-20T15:00:33+00:00\",\"breadcrumb\":{\"@id\":\"https:\/\/adearlimousin.com\/index.php\/2018\/06\/20\/les-manoeuvres-deleteres-dun-syndicat-agricole-ou-comment-ne-pas-relever-les-enjeux-pourtant-cruciaux-du-secteur\/#breadcrumb\"},\"inLanguage\":\"fr-FR\",\"potentialAction\":[{\"@type\":\"ReadAction\",\"target\":[\"https:\/\/adearlimousin.com\/index.php\/2018\/06\/20\/les-manoeuvres-deleteres-dun-syndicat-agricole-ou-comment-ne-pas-relever-les-enjeux-pourtant-cruciaux-du-secteur\/\"]}]},{\"@type\":\"ImageObject\",\"inLanguage\":\"fr-FR\",\"@id\":\"https:\/\/adearlimousin.com\/index.php\/2018\/06\/20\/les-manoeuvres-deleteres-dun-syndicat-agricole-ou-comment-ne-pas-relever-les-enjeux-pourtant-cruciaux-du-secteur\/#primaryimage\",\"url\":\"http:\/\/adearlimousin.com\/wp-content\/uploads\/2018\/06\/ARDEARNA-page001-1024x853.png\",\"contentUrl\":\"http:\/\/adearlimousin.com\/wp-content\/uploads\/2018\/06\/ARDEARNA-page001-1024x853.png\"},{\"@type\":\"BreadcrumbList\",\"@id\":\"https:\/\/adearlimousin.com\/index.php\/2018\/06\/20\/les-manoeuvres-deleteres-dun-syndicat-agricole-ou-comment-ne-pas-relever-les-enjeux-pourtant-cruciaux-du-secteur\/#breadcrumb\",\"itemListElement\":[{\"@type\":\"ListItem\",\"position\":1,\"name\":\"Accueil\",\"item\":\"https:\/\/adearlimousin.com\/\"},{\"@type\":\"ListItem\",\"position\":2,\"name\":\"Les manoeuvres d\u00e9l\u00e9t\u00e8res d\u2019un syndicat agricole ou comment ne pas relever les enjeux pourtant cruciaux du secteur\"}]},{\"@type\":\"WebSite\",\"@id\":\"https:\/\/adearlimousin.com\/#website\",\"url\":\"https:\/\/adearlimousin.com\/\",\"name\":\"ADEAR Limousin\",\"description\":\"\u00catre paysan\u00b7ne en Limousin\",\"publisher\":{\"@id\":\"https:\/\/adearlimousin.com\/#organization\"},\"potentialAction\":[{\"@type\":\"SearchAction\",\"target\":{\"@type\":\"EntryPoint\",\"urlTemplate\":\"https:\/\/adearlimousin.com\/?s={search_term_string}\"},\"query-input\":{\"@type\":\"PropertyValueSpecification\",\"valueRequired\":true,\"valueName\":\"search_term_string\"}}],\"inLanguage\":\"fr-FR\"},{\"@type\":\"Organization\",\"@id\":\"https:\/\/adearlimousin.com\/#organization\",\"name\":\"Adear Limousin\",\"url\":\"https:\/\/adearlimousin.com\/\",\"logo\":{\"@type\":\"ImageObject\",\"inLanguage\":\"fr-FR\",\"@id\":\"https:\/\/adearlimousin.com\/#\/schema\/logo\/image\/\",\"url\":\"https:\/\/adearlimousin.com\/wp-content\/uploads\/2017\/04\/ADEARLimousin-RAP_V14cm.jpg\",\"contentUrl\":\"https:\/\/adearlimousin.com\/wp-content\/uploads\/2017\/04\/ADEARLimousin-RAP_V14cm.jpg\",\"width\":142,\"height\":118,\"caption\":\"Adear Limousin\"},\"image\":{\"@id\":\"https:\/\/adearlimousin.com\/#\/schema\/logo\/image\/\"},\"sameAs\":[\"https:\/\/www.facebook.com\/adearlimousin\"]},{\"@type\":\"Person\",\"@id\":\"https:\/\/adearlimousin.com\/#\/schema\/person\/4bb74e0bb3a7a85a5aaff17ff1e66915\",\"name\":\"Adearlim\",\"image\":{\"@type\":\"ImageObject\",\"inLanguage\":\"fr-FR\",\"@id\":\"https:\/\/adearlimousin.com\/#\/schema\/person\/image\/\",\"url\":\"https:\/\/secure.gravatar.com\/avatar\/b430ec7ba00b35d85d2ee0d6e5c02ad0bb6da2807681e933a2bc9f5a75dc7b21?s=96&d=mm&r=g\",\"contentUrl\":\"https:\/\/secure.gravatar.com\/avatar\/b430ec7ba00b35d85d2ee0d6e5c02ad0bb6da2807681e933a2bc9f5a75dc7b21?s=96&d=mm&r=g\",\"caption\":\"Adearlim\"},\"sameAs\":[\"www.facebook.com\/adearlimousin\"]}]}<\/script>\n<!-- \/ Yoast SEO plugin. -->","yoast_head_json":{"title":"Les manoeuvres d\u00e9l\u00e9t\u00e8res d\u2019un syndicat agricole ou comment ne pas relever les enjeux pourtant cruciaux du secteur - ADEAR Limousin","robots":{"index":"index","follow":"follow","max-snippet":"max-snippet:-1","max-image-preview":"max-image-preview:large","max-video-preview":"max-video-preview:-1"},"canonical":"https:\/\/adearlimousin.com\/index.php\/2018\/06\/20\/les-manoeuvres-deleteres-dun-syndicat-agricole-ou-comment-ne-pas-relever-les-enjeux-pourtant-cruciaux-du-secteur\/","og_locale":"fr_FR","og_type":"article","og_title":"Les manoeuvres d\u00e9l\u00e9t\u00e8res d\u2019un syndicat agricole ou comment ne pas relever les enjeux pourtant cruciaux du secteur - ADEAR Limousin","og_description":"&nbsp; &nbsp; &nbsp; Limoges, le 15 juin 2018 Communiqu\u00e9 de presse Le 13 juin, le syndicat Jeunes Agriculteurs (JA) r\u00e9unissait, apr\u00e8s un ersatz de concertation, une partie des acteurs du &hellip; Lire la suite Les manoeuvres d\u00e9l\u00e9t\u00e8res d\u2019un syndicat agricole ou comment ne pas relever les enjeux pourtant cruciaux du secteur","og_url":"https:\/\/adearlimousin.com\/index.php\/2018\/06\/20\/les-manoeuvres-deleteres-dun-syndicat-agricole-ou-comment-ne-pas-relever-les-enjeux-pourtant-cruciaux-du-secteur\/","og_site_name":"ADEAR Limousin","article_publisher":"https:\/\/www.facebook.com\/adearlimousin","article_author":"www.facebook.com\/adearlimousin","article_published_time":"2018-06-20T15:00:33+00:00","og_image":[{"url":"http:\/\/adearlimousin.com\/wp-content\/uploads\/2018\/06\/ARDEARNA-page001-1024x853.png","type":"","width":"","height":""}],"author":"Adearlim","twitter_card":"summary_large_image","twitter_misc":{"\u00c9crit par":"Adearlim","Dur\u00e9e de lecture estim\u00e9e":"3 minutes"},"schema":{"@context":"https:\/\/schema.org","@graph":[{"@type":"Article","@id":"https:\/\/adearlimousin.com\/index.php\/2018\/06\/20\/les-manoeuvres-deleteres-dun-syndicat-agricole-ou-comment-ne-pas-relever-les-enjeux-pourtant-cruciaux-du-secteur\/#article","isPartOf":{"@id":"https:\/\/adearlimousin.com\/index.php\/2018\/06\/20\/les-manoeuvres-deleteres-dun-syndicat-agricole-ou-comment-ne-pas-relever-les-enjeux-pourtant-cruciaux-du-secteur\/"},"author":{"name":"Adearlim","@id":"https:\/\/adearlimousin.com\/#\/schema\/person\/4bb74e0bb3a7a85a5aaff17ff1e66915"},"headline":"Les manoeuvres d\u00e9l\u00e9t\u00e8res d\u2019un syndicat agricole ou comment ne pas relever les enjeux pourtant cruciaux du secteur","datePublished":"2018-06-20T15:00:33+00:00","mainEntityOfPage":{"@id":"https:\/\/adearlimousin.com\/index.php\/2018\/06\/20\/les-manoeuvres-deleteres-dun-syndicat-agricole-ou-comment-ne-pas-relever-les-enjeux-pourtant-cruciaux-du-secteur\/"},"wordCount":560,"publisher":{"@id":"https:\/\/adearlimousin.com\/#organization"},"image":{"@id":"https:\/\/adearlimousin.com\/index.php\/2018\/06\/20\/les-manoeuvres-deleteres-dun-syndicat-agricole-ou-comment-ne-pas-relever-les-enjeux-pourtant-cruciaux-du-secteur\/#primaryimage"},"thumbnailUrl":"http:\/\/adearlimousin.com\/wp-content\/uploads\/2018\/06\/ARDEARNA-page001-1024x853.png","inLanguage":"fr-FR"},{"@type":"WebPage","@id":"https:\/\/adearlimousin.com\/index.php\/2018\/06\/20\/les-manoeuvres-deleteres-dun-syndicat-agricole-ou-comment-ne-pas-relever-les-enjeux-pourtant-cruciaux-du-secteur\/","url":"https:\/\/adearlimousin.com\/index.php\/2018\/06\/20\/les-manoeuvres-deleteres-dun-syndicat-agricole-ou-comment-ne-pas-relever-les-enjeux-pourtant-cruciaux-du-secteur\/","name":"Les manoeuvres d\u00e9l\u00e9t\u00e8res d\u2019un syndicat agricole ou comment ne pas relever les enjeux pourtant cruciaux du secteur - ADEAR Limousin","isPartOf":{"@id":"https:\/\/adearlimousin.com\/#website"},"primaryImageOfPage":{"@id":"https:\/\/adearlimousin.com\/index.php\/2018\/06\/20\/les-manoeuvres-deleteres-dun-syndicat-agricole-ou-comment-ne-pas-relever-les-enjeux-pourtant-cruciaux-du-secteur\/#primaryimage"},"image":{"@id":"https:\/\/adearlimousin.com\/index.php\/2018\/06\/20\/les-manoeuvres-deleteres-dun-syndicat-agricole-ou-comment-ne-pas-relever-les-enjeux-pourtant-cruciaux-du-secteur\/#primaryimage"},"thumbnailUrl":"http:\/\/adearlimousin.com\/wp-content\/uploads\/2018\/06\/ARDEARNA-page001-1024x853.png","datePublished":"2018-06-20T15:00:33+00:00","breadcrumb":{"@id":"https:\/\/adearlimousin.com\/index.php\/2018\/06\/20\/les-manoeuvres-deleteres-dun-syndicat-agricole-ou-comment-ne-pas-relever-les-enjeux-pourtant-cruciaux-du-secteur\/#breadcrumb"},"inLanguage":"fr-FR","potentialAction":[{"@type":"ReadAction","target":["https:\/\/adearlimousin.com\/index.php\/2018\/06\/20\/les-manoeuvres-deleteres-dun-syndicat-agricole-ou-comment-ne-pas-relever-les-enjeux-pourtant-cruciaux-du-secteur\/"]}]},{"@type":"ImageObject","inLanguage":"fr-FR","@id":"https:\/\/adearlimousin.com\/index.php\/2018\/06\/20\/les-manoeuvres-deleteres-dun-syndicat-agricole-ou-comment-ne-pas-relever-les-enjeux-pourtant-cruciaux-du-secteur\/#primaryimage","url":"http:\/\/adearlimousin.com\/wp-content\/uploads\/2018\/06\/ARDEARNA-page001-1024x853.png","contentUrl":"http:\/\/adearlimousin.com\/wp-content\/uploads\/2018\/06\/ARDEARNA-page001-1024x853.png"},{"@type":"BreadcrumbList","@id":"https:\/\/adearlimousin.com\/index.php\/2018\/06\/20\/les-manoeuvres-deleteres-dun-syndicat-agricole-ou-comment-ne-pas-relever-les-enjeux-pourtant-cruciaux-du-secteur\/#breadcrumb","itemListElement":[{"@type":"ListItem","position":1,"name":"Accueil","item":"https:\/\/adearlimousin.com\/"},{"@type":"ListItem","position":2,"name":"Les manoeuvres d\u00e9l\u00e9t\u00e8res d\u2019un syndicat agricole ou comment ne pas relever les enjeux pourtant cruciaux du secteur"}]},{"@type":"WebSite","@id":"https:\/\/adearlimousin.com\/#website","url":"https:\/\/adearlimousin.com\/","name":"ADEAR Limousin","description":"\u00catre paysan\u00b7ne en Limousin","publisher":{"@id":"https:\/\/adearlimousin.com\/#organization"},"potentialAction":[{"@type":"SearchAction","target":{"@type":"EntryPoint","urlTemplate":"https:\/\/adearlimousin.com\/?s={search_term_string}"},"query-input":{"@type":"PropertyValueSpecification","valueRequired":true,"valueName":"search_term_string"}}],"inLanguage":"fr-FR"},{"@type":"Organization","@id":"https:\/\/adearlimousin.com\/#organization","name":"Adear Limousin","url":"https:\/\/adearlimousin.com\/","logo":{"@type":"ImageObject","inLanguage":"fr-FR","@id":"https:\/\/adearlimousin.com\/#\/schema\/logo\/image\/","url":"https:\/\/adearlimousin.com\/wp-content\/uploads\/2017\/04\/ADEARLimousin-RAP_V14cm.jpg","contentUrl":"https:\/\/adearlimousin.com\/wp-content\/uploads\/2017\/04\/ADEARLimousin-RAP_V14cm.jpg","width":142,"height":118,"caption":"Adear Limousin"},"image":{"@id":"https:\/\/adearlimousin.com\/#\/schema\/logo\/image\/"},"sameAs":["https:\/\/www.facebook.com\/adearlimousin"]},{"@type":"Person","@id":"https:\/\/adearlimousin.com\/#\/schema\/person\/4bb74e0bb3a7a85a5aaff17ff1e66915","name":"Adearlim","image":{"@type":"ImageObject","inLanguage":"fr-FR","@id":"https:\/\/adearlimousin.com\/#\/schema\/person\/image\/","url":"https:\/\/secure.gravatar.com\/avatar\/b430ec7ba00b35d85d2ee0d6e5c02ad0bb6da2807681e933a2bc9f5a75dc7b21?s=96&d=mm&r=g","contentUrl":"https:\/\/secure.gravatar.com\/avatar\/b430ec7ba00b35d85d2ee0d6e5c02ad0bb6da2807681e933a2bc9f5a75dc7b21?s=96&d=mm&r=g","caption":"Adearlim"},"sameAs":["www.facebook.com\/adearlimousin"]}]}},"jetpack_publicize_connections":[],"jetpack_featured_media_url":"","uagb_featured_image_src":{"full":false,"thumbnail":false,"medium":false,"medium_large":false,"large":false,"1536x1536":false,"2048x2048":false,"post-thumbnail":false,"sela-hero-thumbnail":false,"sela-page-thumbnail":false,"sela-grid-thumbnail":false,"sela-testimonial-thumbnail":false,"sela-logo":false},"uagb_author_info":{"display_name":"Adearlim","author_link":"https:\/\/adearlimousin.com\/index.php\/author\/admin3869\/"},"uagb_comment_info":0,"uagb_excerpt":"&nbsp; &nbsp; &nbsp; Limoges, le 15 juin 2018 Communiqu\u00e9 de presse Le 13 juin, le syndicat Jeunes Agriculteurs (JA) r\u00e9unissait, apr\u00e8s un ersatz de concertation, une partie des acteurs du &hellip; Lire la suite Les manoeuvres d\u00e9l\u00e9t\u00e8res d\u2019un syndicat agricole ou comment ne pas relever les enjeux pourtant cruciaux du secteur","jetpack_sharing_enabled":true,"jetpack_shortlink":"https:\/\/wp.me\/p8DPFj-mq","jetpack_likes_enabled":false,"_links":{"self":[{"href":"https:\/\/adearlimousin.com\/index.php\/wp-json\/wp\/v2\/posts\/1390","targetHints":{"allow":["GET"]}}],"collection":[{"href":"https:\/\/adearlimousin.com\/index.php\/wp-json\/wp\/v2\/posts"}],"about":[{"href":"https:\/\/adearlimousin.com\/index.php\/wp-json\/wp\/v2\/types\/post"}],"author":[{"embeddable":true,"href":"https:\/\/adearlimousin.com\/index.php\/wp-json\/wp\/v2\/users\/1"}],"replies":[{"embeddable":true,"href":"https:\/\/adearlimousin.com\/index.php\/wp-json\/wp\/v2\/comments?post=1390"}],"version-history":[{"count":2,"href":"https:\/\/adearlimousin.com\/index.php\/wp-json\/wp\/v2\/posts\/1390\/revisions"}],"predecessor-version":[{"id":1394,"href":"https:\/\/adearlimousin.com\/index.php\/wp-json\/wp\/v2\/posts\/1390\/revisions\/1394"}],"wp:attachment":[{"href":"https:\/\/adearlimousin.com\/index.php\/wp-json\/wp\/v2\/media?parent=1390"}],"wp:term":[{"taxonomy":"category","embeddable":true,"href":"https:\/\/adearlimousin.com\/index.php\/wp-json\/wp\/v2\/categories?post=1390"},{"taxonomy":"post_tag","embeddable":true,"href":"https:\/\/adearlimousin.com\/index.php\/wp-json\/wp\/v2\/tags?post=1390"}],"curies":[{"name":"wp","href":"https:\/\/api.w.org\/{rel}","templated":true}]}}