{"id":1521,"date":"2018-08-21T12:39:58","date_gmt":"2018-08-21T10:39:58","guid":{"rendered":"http:\/\/adearlimousin.com\/?p=1521"},"modified":"2018-08-21T12:39:58","modified_gmt":"2018-08-21T10:39:58","slug":"elections-chambres-dagriculture-inscriptions","status":"publish","type":"post","link":"https:\/\/adearlimousin.com\/index.php\/2018\/08\/21\/elections-chambres-dagriculture-inscriptions\/","title":{"rendered":"\u00c9lections Chambres d\u2019agriculture : Inscriptions"},"content":{"rendered":"<h5 style=\"text-align: center;\"><span style=\"color: #99cc00;\">Pour pouvoir voter en janvier 2019 aux \u00e9lections professionnelles,<strong> vous devez <\/strong><strong>v\u00e9rifier votre inscription sur les listes \u00e9lectorales <\/strong><strong><u>avant le 15 septembre<\/u><\/strong><strong> !<\/strong><\/span><\/h5>\n<p style=\"text-align: center;\"><span style=\"color: #000000;\">Fa\u00eetes vite\u00a0!<\/span><\/p>\n<h6><span style=\"color: #333399;\"><strong><u><span style=\"color: #000000;\">Quoi faire concr\u00e8tement ?\u00a0<\/span> <\/u><\/strong><\/span><\/h6>\n<ol>\n<li>Pour celles\/ceux<strong> qui ont <u>d\u00e9j\u00e0 vot\u00e9 en 2013 dans leur d\u00e9partement<\/u><\/strong><u>,<\/u><span style=\"color: #993300;\"> <strong>rien de particulier \u00e0 faire ! <\/strong><\/span>(sauf si vous souhaitez \u00eatre \u00e9lecteur voire candidat dans un autre coll\u00e8ge dans ce cas, il faut en faire la demande par \u00e9crit, <a href=\"http:\/\/adearlimousin.com\/wp-content\/uploads\/2018\/08\/modele.lettreAR.Pref_.listes.electorales.Chambre.doc\" target=\"_blank\" rel=\"noopener\">courrier A\/R au Pr\u00e9fet<\/a>)<\/li>\n<\/ol>\n<ol start=\"2\">\n<li><strong>Pour les personnes dont <u>la situation est nouvelle ou a chang\u00e9 <\/u><\/strong>(nouveaux install\u00e9s, conjoint d&rsquo;exploitation r\u00e9cent, aide familiale nouvellement embauch\u00e9, paysans qui a d\u00e9m\u00e9nag\u00e9 son si\u00e8ge d\u2019exploitation &#8230;),<span style=\"color: #993300;\"> <strong>il est important de demander votre inscription sur les listes \u00e9lectorales du coll\u00e8ge de votre choix* avant le 15 septembre <\/strong><\/span>(mais en priorit\u00e9 le Coll\u00e8ge 1 \u00ab\u00a0Chefs d&rsquo;exploitation et assimil\u00e9s\u00a0\u00bb, si vous en remplissez les conditions !)\n<p style=\"text-align: center;\"><img loading=\"lazy\" decoding=\"async\" class=\"wp-image-1523 alignright\" src=\"http:\/\/adearlimousin.com\/wp-content\/uploads\/2018\/08\/PAS_LE_TEMPS.jpg-1024x700.png\" alt=\"\" width=\"409\" height=\"280\" srcset=\"https:\/\/adearlimousin.com\/wp-content\/uploads\/2018\/08\/PAS_LE_TEMPS.jpg-1024x700.png 1024w, https:\/\/adearlimousin.com\/wp-content\/uploads\/2018\/08\/PAS_LE_TEMPS.jpg-300x205.png 300w, https:\/\/adearlimousin.com\/wp-content\/uploads\/2018\/08\/PAS_LE_TEMPS.jpg-768x525.png 768w, https:\/\/adearlimousin.com\/wp-content\/uploads\/2018\/08\/PAS_LE_TEMPS.jpg-600x410.png 600w, https:\/\/adearlimousin.com\/wp-content\/uploads\/2018\/08\/PAS_LE_TEMPS.jpg-555x380.png 555w\" sizes=\"auto, (max-width: 409px) 100vw, 409px\" \/><\/p>\n<\/li>\n<\/ol>\n<p><strong>soit :<\/strong><\/p>\n<ul>\n<li>en envoyant un <strong><a href=\"http:\/\/adearlimousin.com\/wp-content\/uploads\/2018\/08\/modele.lettreAR.Pref_.listes.electorales.Chambre.doc\" target=\"_blank\" rel=\"noopener\">courrier A\/R \u00e0 l&rsquo;attention du Pr\u00e9fet<\/a>, \u00e0 l&rsquo;adresse postale de votre Pr\u00e9fecture<br \/>\n<\/strong><\/li>\n<li>en vous rendant <strong>dans votre mairie<\/strong> (du si\u00e8ge d&rsquo;exploitation).<\/li>\n<\/ul>\n<h6><strong><u><span style=\"color: #000000;\">Pour quoi faire\u00a0? <a href=\"http:\/\/adearlimousin.com\/wp-content\/uploads\/2018\/08\/TRACT-Voter-aux-elections-chambres-HD.pdf\" target=\"_blank\" rel=\"noopener\">Pourquoi voter ?<\/a><\/span><br \/>\n<\/u><\/strong><\/h6>\n<p><strong>Organis\u00e9es tous les 6 ans, les \u00e9lections aux chambres d&rsquo;agriculture de vos d\u00e9partements sont tr\u00e8s importantes\u00a0! <\/strong>Ne ratez pas le coche\u00a0!<\/p>\n<ul>\n<li><strong>au niveau local <\/strong>: elles permettent d\u2019\u00e9lire les repr\u00e9sentant-e-s qui seront aux manettes des Chambres d&rsquo;agricultures en Limousin et de notre r\u00e9gion Nouvelle Aquitaine\u00a0!<\/li>\n<\/ul>\n<p>Elles permettront donc de choisir qui pilotera les services rendus aux agriculteurs locaux, les mesures de d\u00e9veloppement agricole locales, etc<\/p>\n<ul>\n<li><strong>au niveau national\u00a0: <\/strong>Plus le syndicat fait un gros score, plus ses propositions politiques seront prises en compte par les pouvoirs publics et dans les politiques agricoles\u00a0!<\/li>\n<\/ul>\n<p><em>Vous souhaitez plus de renseignements sur les \u00e9lections chambres, plus de d\u00e9tails sur les diff\u00e9rents coll\u00e8ges, ou encore plus d\u2019informations sur les actions syndicales de la Conf\u00e9d\u00e9ration Paysanne en Limousin ? Contactez-nous\u00a0:<\/em><br \/>\nAdear Limousin\u00a0: 05 87 50 41 03 \u2013 <a href=\"mailto:contact@adearlimousin.com\">contact [at] adearlimousin.com<\/a><br \/>\nConf\u00e9d\u00e9ration Paysanne Limousin\u00a0: 05 87 50 41 19 \u2013 cplimousin [at] gmail.com<\/p>\n","protected":false},"excerpt":{"rendered":"<p>Pour pouvoir voter en janvier 2019 aux \u00e9lections professionnelles, vous devez v\u00e9rifier votre inscription sur les listes \u00e9lectorales avant le 15 septembre ! Fa\u00eetes vite\u00a0! Quoi faire concr\u00e8tement ?\u00a0 Pour &hellip; <a href=\"https:\/\/adearlimousin.com\/index.php\/2018\/08\/21\/elections-chambres-dagriculture-inscriptions\/\" class=\"more-link\">Lire la suite <span class=\"screen-reader-text\">\u00c9lections Chambres d\u2019agriculture : Inscriptions<\/span><\/a><\/p>\n","protected":false},"author":1,"featured_media":0,"comment_status":"closed","ping_status":"open","sticky":false,"template":"","format":"standard","meta":{"_uag_custom_page_level_css":"","_EventAllDay":false,"_EventTimezone":"","_EventStartDate":"","_EventEndDate":"","_EventStartDateUTC":"","_EventEndDateUTC":"","_EventShowMap":false,"_EventShowMapLink":false,"_EventURL":"","_EventCost":"","_EventCostDescription":"","_EventCurrencySymbol":"","_EventCurrencyCode":"","_EventCurrencyPosition":"","_EventDateTimeSeparator":"","_EventTimeRangeSeparator":"","_EventOrganizerID":[],"_EventVenueID":[],"_OrganizerEmail":"","_OrganizerPhone":"","_OrganizerWebsite":"","_VenueAddress":"","_VenueCity":"","_VenueCountry":"","_VenueProvince":"","_VenueState":"","_VenueZip":"","_VenuePhone":"","_VenueURL":"","_VenueStateProvince":"","_VenueLat":"","_VenueLng":"","_VenueShowMap":false,"_VenueShowMapLink":false,"_jetpack_memberships_contains_paid_content":false,"footnotes":"","jetpack_publicize_message":"","jetpack_publicize_feature_enabled":true,"jetpack_social_post_already_shared":true,"jetpack_social_options":{"image_generator_settings":{"template":"highway","default_image_id":0,"font":"","enabled":false},"version":2}},"categories":[1],"tags":[],"class_list":["post-1521","post","type-post","status-publish","format-standard","hentry","category-non-classe","without-featured-image"],"yoast_head":"<!-- This site is optimized with the Yoast SEO plugin v27.1.1 - https:\/\/yoast.com\/product\/yoast-seo-wordpress\/ -->\n<title>\u00c9lections Chambres d\u2019agriculture : Inscriptions - ADEAR Limousin<\/title>\n<meta name=\"robots\" content=\"index, follow, max-snippet:-1, max-image-preview:large, max-video-preview:-1\" \/>\n<link rel=\"canonical\" href=\"https:\/\/adearlimousin.com\/index.php\/2018\/08\/21\/elections-chambres-dagriculture-inscriptions\/\" \/>\n<meta property=\"og:locale\" content=\"fr_FR\" \/>\n<meta property=\"og:type\" content=\"article\" \/>\n<meta property=\"og:title\" content=\"\u00c9lections Chambres d\u2019agriculture : Inscriptions - ADEAR Limousin\" \/>\n<meta property=\"og:description\" content=\"Pour pouvoir voter en janvier 2019 aux \u00e9lections professionnelles, vous devez v\u00e9rifier votre inscription sur les listes \u00e9lectorales avant le 15 septembre ! Fa\u00eetes vite\u00a0! Quoi faire concr\u00e8tement ?\u00a0 Pour &hellip; Lire la suite \u00c9lections Chambres d\u2019agriculture : Inscriptions\" \/>\n<meta property=\"og:url\" content=\"https:\/\/adearlimousin.com\/index.php\/2018\/08\/21\/elections-chambres-dagriculture-inscriptions\/\" \/>\n<meta property=\"og:site_name\" content=\"ADEAR Limousin\" \/>\n<meta property=\"article:publisher\" content=\"https:\/\/www.facebook.com\/adearlimousin\" \/>\n<meta property=\"article:author\" content=\"www.facebook.com\/adearlimousin\" \/>\n<meta property=\"article:published_time\" content=\"2018-08-21T10:39:58+00:00\" \/>\n<meta property=\"og:image\" content=\"http:\/\/adearlimousin.com\/wp-content\/uploads\/2018\/08\/PAS_LE_TEMPS.jpg-1024x700.png\" \/>\n<meta name=\"author\" content=\"Adearlim\" \/>\n<meta name=\"twitter:card\" content=\"summary_large_image\" \/>\n<meta name=\"twitter:label1\" content=\"\u00c9crit par\" \/>\n\t<meta name=\"twitter:data1\" content=\"Adearlim\" \/>\n\t<meta name=\"twitter:label2\" content=\"Dur\u00e9e de lecture estim\u00e9e\" \/>\n\t<meta name=\"twitter:data2\" content=\"2 minutes\" \/>\n<script type=\"application\/ld+json\" class=\"yoast-schema-graph\">{\"@context\":\"https:\/\/schema.org\",\"@graph\":[{\"@type\":\"Article\",\"@id\":\"https:\/\/adearlimousin.com\/index.php\/2018\/08\/21\/elections-chambres-dagriculture-inscriptions\/#article\",\"isPartOf\":{\"@id\":\"https:\/\/adearlimousin.com\/index.php\/2018\/08\/21\/elections-chambres-dagriculture-inscriptions\/\"},\"author\":{\"name\":\"Adearlim\",\"@id\":\"https:\/\/adearlimousin.com\/#\/schema\/person\/4bb74e0bb3a7a85a5aaff17ff1e66915\"},\"headline\":\"\u00c9lections Chambres d\u2019agriculture : Inscriptions\",\"datePublished\":\"2018-08-21T10:39:58+00:00\",\"mainEntityOfPage\":{\"@id\":\"https:\/\/adearlimousin.com\/index.php\/2018\/08\/21\/elections-chambres-dagriculture-inscriptions\/\"},\"wordCount\":331,\"publisher\":{\"@id\":\"https:\/\/adearlimousin.com\/#organization\"},\"image\":{\"@id\":\"https:\/\/adearlimousin.com\/index.php\/2018\/08\/21\/elections-chambres-dagriculture-inscriptions\/#primaryimage\"},\"thumbnailUrl\":\"http:\/\/adearlimousin.com\/wp-content\/uploads\/2018\/08\/PAS_LE_TEMPS.jpg-1024x700.png\",\"inLanguage\":\"fr-FR\"},{\"@type\":\"WebPage\",\"@id\":\"https:\/\/adearlimousin.com\/index.php\/2018\/08\/21\/elections-chambres-dagriculture-inscriptions\/\",\"url\":\"https:\/\/adearlimousin.com\/index.php\/2018\/08\/21\/elections-chambres-dagriculture-inscriptions\/\",\"name\":\"\u00c9lections Chambres d\u2019agriculture : Inscriptions - ADEAR Limousin\",\"isPartOf\":{\"@id\":\"https:\/\/adearlimousin.com\/#website\"},\"primaryImageOfPage\":{\"@id\":\"https:\/\/adearlimousin.com\/index.php\/2018\/08\/21\/elections-chambres-dagriculture-inscriptions\/#primaryimage\"},\"image\":{\"@id\":\"https:\/\/adearlimousin.com\/index.php\/2018\/08\/21\/elections-chambres-dagriculture-inscriptions\/#primaryimage\"},\"thumbnailUrl\":\"http:\/\/adearlimousin.com\/wp-content\/uploads\/2018\/08\/PAS_LE_TEMPS.jpg-1024x700.png\",\"datePublished\":\"2018-08-21T10:39:58+00:00\",\"breadcrumb\":{\"@id\":\"https:\/\/adearlimousin.com\/index.php\/2018\/08\/21\/elections-chambres-dagriculture-inscriptions\/#breadcrumb\"},\"inLanguage\":\"fr-FR\",\"potentialAction\":[{\"@type\":\"ReadAction\",\"target\":[\"https:\/\/adearlimousin.com\/index.php\/2018\/08\/21\/elections-chambres-dagriculture-inscriptions\/\"]}]},{\"@type\":\"ImageObject\",\"inLanguage\":\"fr-FR\",\"@id\":\"https:\/\/adearlimousin.com\/index.php\/2018\/08\/21\/elections-chambres-dagriculture-inscriptions\/#primaryimage\",\"url\":\"http:\/\/adearlimousin.com\/wp-content\/uploads\/2018\/08\/PAS_LE_TEMPS.jpg-1024x700.png\",\"contentUrl\":\"http:\/\/adearlimousin.com\/wp-content\/uploads\/2018\/08\/PAS_LE_TEMPS.jpg-1024x700.png\"},{\"@type\":\"BreadcrumbList\",\"@id\":\"https:\/\/adearlimousin.com\/index.php\/2018\/08\/21\/elections-chambres-dagriculture-inscriptions\/#breadcrumb\",\"itemListElement\":[{\"@type\":\"ListItem\",\"position\":1,\"name\":\"Accueil\",\"item\":\"https:\/\/adearlimousin.com\/\"},{\"@type\":\"ListItem\",\"position\":2,\"name\":\"\u00c9lections Chambres d\u2019agriculture : Inscriptions\"}]},{\"@type\":\"WebSite\",\"@id\":\"https:\/\/adearlimousin.com\/#website\",\"url\":\"https:\/\/adearlimousin.com\/\",\"name\":\"ADEAR Limousin\",\"description\":\"\u00catre paysan\u00b7ne en Limousin\",\"publisher\":{\"@id\":\"https:\/\/adearlimousin.com\/#organization\"},\"potentialAction\":[{\"@type\":\"SearchAction\",\"target\":{\"@type\":\"EntryPoint\",\"urlTemplate\":\"https:\/\/adearlimousin.com\/?s={search_term_string}\"},\"query-input\":{\"@type\":\"PropertyValueSpecification\",\"valueRequired\":true,\"valueName\":\"search_term_string\"}}],\"inLanguage\":\"fr-FR\"},{\"@type\":\"Organization\",\"@id\":\"https:\/\/adearlimousin.com\/#organization\",\"name\":\"Adear Limousin\",\"url\":\"https:\/\/adearlimousin.com\/\",\"logo\":{\"@type\":\"ImageObject\",\"inLanguage\":\"fr-FR\",\"@id\":\"https:\/\/adearlimousin.com\/#\/schema\/logo\/image\/\",\"url\":\"https:\/\/adearlimousin.com\/wp-content\/uploads\/2017\/04\/ADEARLimousin-RAP_V14cm.jpg\",\"contentUrl\":\"https:\/\/adearlimousin.com\/wp-content\/uploads\/2017\/04\/ADEARLimousin-RAP_V14cm.jpg\",\"width\":142,\"height\":118,\"caption\":\"Adear Limousin\"},\"image\":{\"@id\":\"https:\/\/adearlimousin.com\/#\/schema\/logo\/image\/\"},\"sameAs\":[\"https:\/\/www.facebook.com\/adearlimousin\"]},{\"@type\":\"Person\",\"@id\":\"https:\/\/adearlimousin.com\/#\/schema\/person\/4bb74e0bb3a7a85a5aaff17ff1e66915\",\"name\":\"Adearlim\",\"image\":{\"@type\":\"ImageObject\",\"inLanguage\":\"fr-FR\",\"@id\":\"https:\/\/adearlimousin.com\/#\/schema\/person\/image\/\",\"url\":\"https:\/\/secure.gravatar.com\/avatar\/b430ec7ba00b35d85d2ee0d6e5c02ad0bb6da2807681e933a2bc9f5a75dc7b21?s=96&d=mm&r=g\",\"contentUrl\":\"https:\/\/secure.gravatar.com\/avatar\/b430ec7ba00b35d85d2ee0d6e5c02ad0bb6da2807681e933a2bc9f5a75dc7b21?s=96&d=mm&r=g\",\"caption\":\"Adearlim\"},\"sameAs\":[\"www.facebook.com\/adearlimousin\"]}]}<\/script>\n<!-- \/ Yoast SEO plugin. -->","yoast_head_json":{"title":"\u00c9lections Chambres d\u2019agriculture : Inscriptions - ADEAR Limousin","robots":{"index":"index","follow":"follow","max-snippet":"max-snippet:-1","max-image-preview":"max-image-preview:large","max-video-preview":"max-video-preview:-1"},"canonical":"https:\/\/adearlimousin.com\/index.php\/2018\/08\/21\/elections-chambres-dagriculture-inscriptions\/","og_locale":"fr_FR","og_type":"article","og_title":"\u00c9lections Chambres d\u2019agriculture : Inscriptions - ADEAR Limousin","og_description":"Pour pouvoir voter en janvier 2019 aux \u00e9lections professionnelles, vous devez v\u00e9rifier votre inscription sur les listes \u00e9lectorales avant le 15 septembre ! Fa\u00eetes vite\u00a0! Quoi faire concr\u00e8tement ?\u00a0 Pour &hellip; Lire la suite \u00c9lections Chambres d\u2019agriculture : Inscriptions","og_url":"https:\/\/adearlimousin.com\/index.php\/2018\/08\/21\/elections-chambres-dagriculture-inscriptions\/","og_site_name":"ADEAR Limousin","article_publisher":"https:\/\/www.facebook.com\/adearlimousin","article_author":"www.facebook.com\/adearlimousin","article_published_time":"2018-08-21T10:39:58+00:00","og_image":[{"url":"http:\/\/adearlimousin.com\/wp-content\/uploads\/2018\/08\/PAS_LE_TEMPS.jpg-1024x700.png","type":"","width":"","height":""}],"author":"Adearlim","twitter_card":"summary_large_image","twitter_misc":{"\u00c9crit par":"Adearlim","Dur\u00e9e de lecture estim\u00e9e":"2 minutes"},"schema":{"@context":"https:\/\/schema.org","@graph":[{"@type":"Article","@id":"https:\/\/adearlimousin.com\/index.php\/2018\/08\/21\/elections-chambres-dagriculture-inscriptions\/#article","isPartOf":{"@id":"https:\/\/adearlimousin.com\/index.php\/2018\/08\/21\/elections-chambres-dagriculture-inscriptions\/"},"author":{"name":"Adearlim","@id":"https:\/\/adearlimousin.com\/#\/schema\/person\/4bb74e0bb3a7a85a5aaff17ff1e66915"},"headline":"\u00c9lections Chambres d\u2019agriculture : Inscriptions","datePublished":"2018-08-21T10:39:58+00:00","mainEntityOfPage":{"@id":"https:\/\/adearlimousin.com\/index.php\/2018\/08\/21\/elections-chambres-dagriculture-inscriptions\/"},"wordCount":331,"publisher":{"@id":"https:\/\/adearlimousin.com\/#organization"},"image":{"@id":"https:\/\/adearlimousin.com\/index.php\/2018\/08\/21\/elections-chambres-dagriculture-inscriptions\/#primaryimage"},"thumbnailUrl":"http:\/\/adearlimousin.com\/wp-content\/uploads\/2018\/08\/PAS_LE_TEMPS.jpg-1024x700.png","inLanguage":"fr-FR"},{"@type":"WebPage","@id":"https:\/\/adearlimousin.com\/index.php\/2018\/08\/21\/elections-chambres-dagriculture-inscriptions\/","url":"https:\/\/adearlimousin.com\/index.php\/2018\/08\/21\/elections-chambres-dagriculture-inscriptions\/","name":"\u00c9lections Chambres d\u2019agriculture : Inscriptions - ADEAR Limousin","isPartOf":{"@id":"https:\/\/adearlimousin.com\/#website"},"primaryImageOfPage":{"@id":"https:\/\/adearlimousin.com\/index.php\/2018\/08\/21\/elections-chambres-dagriculture-inscriptions\/#primaryimage"},"image":{"@id":"https:\/\/adearlimousin.com\/index.php\/2018\/08\/21\/elections-chambres-dagriculture-inscriptions\/#primaryimage"},"thumbnailUrl":"http:\/\/adearlimousin.com\/wp-content\/uploads\/2018\/08\/PAS_LE_TEMPS.jpg-1024x700.png","datePublished":"2018-08-21T10:39:58+00:00","breadcrumb":{"@id":"https:\/\/adearlimousin.com\/index.php\/2018\/08\/21\/elections-chambres-dagriculture-inscriptions\/#breadcrumb"},"inLanguage":"fr-FR","potentialAction":[{"@type":"ReadAction","target":["https:\/\/adearlimousin.com\/index.php\/2018\/08\/21\/elections-chambres-dagriculture-inscriptions\/"]}]},{"@type":"ImageObject","inLanguage":"fr-FR","@id":"https:\/\/adearlimousin.com\/index.php\/2018\/08\/21\/elections-chambres-dagriculture-inscriptions\/#primaryimage","url":"http:\/\/adearlimousin.com\/wp-content\/uploads\/2018\/08\/PAS_LE_TEMPS.jpg-1024x700.png","contentUrl":"http:\/\/adearlimousin.com\/wp-content\/uploads\/2018\/08\/PAS_LE_TEMPS.jpg-1024x700.png"},{"@type":"BreadcrumbList","@id":"https:\/\/adearlimousin.com\/index.php\/2018\/08\/21\/elections-chambres-dagriculture-inscriptions\/#breadcrumb","itemListElement":[{"@type":"ListItem","position":1,"name":"Accueil","item":"https:\/\/adearlimousin.com\/"},{"@type":"ListItem","position":2,"name":"\u00c9lections Chambres d\u2019agriculture : Inscriptions"}]},{"@type":"WebSite","@id":"https:\/\/adearlimousin.com\/#website","url":"https:\/\/adearlimousin.com\/","name":"ADEAR Limousin","description":"\u00catre paysan\u00b7ne en Limousin","publisher":{"@id":"https:\/\/adearlimousin.com\/#organization"},"potentialAction":[{"@type":"SearchAction","target":{"@type":"EntryPoint","urlTemplate":"https:\/\/adearlimousin.com\/?s={search_term_string}"},"query-input":{"@type":"PropertyValueSpecification","valueRequired":true,"valueName":"search_term_string"}}],"inLanguage":"fr-FR"},{"@type":"Organization","@id":"https:\/\/adearlimousin.com\/#organization","name":"Adear Limousin","url":"https:\/\/adearlimousin.com\/","logo":{"@type":"ImageObject","inLanguage":"fr-FR","@id":"https:\/\/adearlimousin.com\/#\/schema\/logo\/image\/","url":"https:\/\/adearlimousin.com\/wp-content\/uploads\/2017\/04\/ADEARLimousin-RAP_V14cm.jpg","contentUrl":"https:\/\/adearlimousin.com\/wp-content\/uploads\/2017\/04\/ADEARLimousin-RAP_V14cm.jpg","width":142,"height":118,"caption":"Adear Limousin"},"image":{"@id":"https:\/\/adearlimousin.com\/#\/schema\/logo\/image\/"},"sameAs":["https:\/\/www.facebook.com\/adearlimousin"]},{"@type":"Person","@id":"https:\/\/adearlimousin.com\/#\/schema\/person\/4bb74e0bb3a7a85a5aaff17ff1e66915","name":"Adearlim","image":{"@type":"ImageObject","inLanguage":"fr-FR","@id":"https:\/\/adearlimousin.com\/#\/schema\/person\/image\/","url":"https:\/\/secure.gravatar.com\/avatar\/b430ec7ba00b35d85d2ee0d6e5c02ad0bb6da2807681e933a2bc9f5a75dc7b21?s=96&d=mm&r=g","contentUrl":"https:\/\/secure.gravatar.com\/avatar\/b430ec7ba00b35d85d2ee0d6e5c02ad0bb6da2807681e933a2bc9f5a75dc7b21?s=96&d=mm&r=g","caption":"Adearlim"},"sameAs":["www.facebook.com\/adearlimousin"]}]}},"jetpack_publicize_connections":[],"jetpack_featured_media_url":"","uagb_featured_image_src":{"full":false,"thumbnail":false,"medium":false,"medium_large":false,"large":false,"1536x1536":false,"2048x2048":false,"post-thumbnail":false,"sela-hero-thumbnail":false,"sela-page-thumbnail":false,"sela-grid-thumbnail":false,"sela-testimonial-thumbnail":false,"sela-logo":false},"uagb_author_info":{"display_name":"Adearlim","author_link":"https:\/\/adearlimousin.com\/index.php\/author\/admin3869\/"},"uagb_comment_info":0,"uagb_excerpt":"Pour pouvoir voter en janvier 2019 aux \u00e9lections professionnelles, vous devez v\u00e9rifier votre inscription sur les listes \u00e9lectorales avant le 15 septembre ! Fa\u00eetes vite\u00a0! Quoi faire concr\u00e8tement ?\u00a0 Pour &hellip; Lire la suite \u00c9lections Chambres d\u2019agriculture : Inscriptions","jetpack_sharing_enabled":true,"jetpack_shortlink":"https:\/\/wp.me\/p8DPFj-ox","jetpack_likes_enabled":false,"_links":{"self":[{"href":"https:\/\/adearlimousin.com\/index.php\/wp-json\/wp\/v2\/posts\/1521","targetHints":{"allow":["GET"]}}],"collection":[{"href":"https:\/\/adearlimousin.com\/index.php\/wp-json\/wp\/v2\/posts"}],"about":[{"href":"https:\/\/adearlimousin.com\/index.php\/wp-json\/wp\/v2\/types\/post"}],"author":[{"embeddable":true,"href":"https:\/\/adearlimousin.com\/index.php\/wp-json\/wp\/v2\/users\/1"}],"replies":[{"embeddable":true,"href":"https:\/\/adearlimousin.com\/index.php\/wp-json\/wp\/v2\/comments?post=1521"}],"version-history":[{"count":16,"href":"https:\/\/adearlimousin.com\/index.php\/wp-json\/wp\/v2\/posts\/1521\/revisions"}],"predecessor-version":[{"id":1540,"href":"https:\/\/adearlimousin.com\/index.php\/wp-json\/wp\/v2\/posts\/1521\/revisions\/1540"}],"wp:attachment":[{"href":"https:\/\/adearlimousin.com\/index.php\/wp-json\/wp\/v2\/media?parent=1521"}],"wp:term":[{"taxonomy":"category","embeddable":true,"href":"https:\/\/adearlimousin.com\/index.php\/wp-json\/wp\/v2\/categories?post=1521"},{"taxonomy":"post_tag","embeddable":true,"href":"https:\/\/adearlimousin.com\/index.php\/wp-json\/wp\/v2\/tags?post=1521"}],"curies":[{"name":"wp","href":"https:\/\/api.w.org\/{rel}","templated":true}]}}