{"id":3748,"date":"2020-03-28T17:05:52","date_gmt":"2020-03-28T16:05:52","guid":{"rendered":"https:\/\/adearlimousin.com\/?p=3748"},"modified":"2020-04-08T18:38:13","modified_gmt":"2020-04-08T16:38:13","slug":"circuits-courts-en-temps-de-coronavirus","status":"publish","type":"post","link":"https:\/\/adearlimousin.com\/index.php\/2020\/03\/28\/circuits-courts-en-temps-de-coronavirus\/","title":{"rendered":"Circuits courts en temps de Coronavirus"},"content":{"rendered":"\n<p>En ces journ\u00e9es troubl\u00e9es et confin\u00e9es&#8230; et surinform\u00e9es (!), l&rsquo;Adear va compiler sur 2 pages toutes les infos collect\u00e9es en ce moment :<br><br>&#8211; <span style=\"text-decoration: underline;\">pour les paysans <\/span>: les infos et liens pour <strong>vous informer, (r\u00e9)organiser vos circuits de vente directe<\/strong><b><strong> <\/strong>e<\/b><strong>t vous proposer quelques pistes d&rsquo;aide et de soutien (entraide, soutien financier&#8230;)<\/strong><br>&#8211;> <a aria-label=\"Paysans \u2013 vous informer, vous organiser (s\u2019ouvre dans un nouvel onglet)\" rel=\"noreferrer noopener\" href=\"https:\/\/adearlimousin.com\/index.php\/circuit-courts-et-coronavirus\/\" target=\"_blank\">Paysans \u2013 vous informer, vous organiser<\/a><br><br>&#8211; <span style=\"text-decoration: underline;\">pour les paysans et les consommateurs <\/span>: les infos que nous collectons sur les <strong>circuits de vente directe existants ou en cr\u00e9ation<\/strong> en Limousin.<br>&#8211;> <a aria-label=\"O\u00f9 vendre vos produits ? O\u00f9 acheter aux producteurs ? (s\u2019ouvre dans un nouvel onglet)\" rel=\"noreferrer noopener\" href=\"https:\/\/adearlimousin.com\/index.php\/ou-vendre-vos-produits-ou-acheter\/\" target=\"_blank\">O\u00f9 vendre vos produits ? O\u00f9 acheter aux producteurs ?<\/a><br><\/p>\n\n\n\n<p>N&rsquo;h\u00e9sitez pas \u00e0 nous faire <strong>remonter vos informations sur les circuits de vente et les initiatives que vous avez mises en place <\/strong>au jour le jour.  <br>Et n&rsquo;h\u00e9sitez pas \u00e0 diffuser si cela vous semble int\u00e9ressant !<br> <\/p>\n\n\n\n<figure class=\"wp-block-image\"><img loading=\"lazy\" decoding=\"async\" width=\"679\" height=\"960\" src=\"https:\/\/adearlimousin.com\/wp-content\/uploads\/2020\/03\/90711149_820719341741649_2328481197715357696_o.jpg\" alt=\"\" class=\"wp-image-3750\" srcset=\"https:\/\/adearlimousin.com\/wp-content\/uploads\/2020\/03\/90711149_820719341741649_2328481197715357696_o.jpg 679w, https:\/\/adearlimousin.com\/wp-content\/uploads\/2020\/03\/90711149_820719341741649_2328481197715357696_o-212x300.jpg 212w, https:\/\/adearlimousin.com\/wp-content\/uploads\/2020\/03\/90711149_820719341741649_2328481197715357696_o-600x848.jpg 600w, https:\/\/adearlimousin.com\/wp-content\/uploads\/2020\/03\/90711149_820719341741649_2328481197715357696_o-269x380.jpg 269w\" sizes=\"auto, (max-width: 679px) 100vw, 679px\" \/><\/figure>\n","protected":false},"excerpt":{"rendered":"<p>En ces journ\u00e9es troubl\u00e9es et confin\u00e9es&#8230; et surinform\u00e9es (!), l&rsquo;Adear va compiler sur 2 pages toutes les infos collect\u00e9es en ce moment : &#8211; pour les paysans : les infos &hellip; <a href=\"https:\/\/adearlimousin.com\/index.php\/2020\/03\/28\/circuits-courts-en-temps-de-coronavirus\/\" class=\"more-link\">Lire la suite <span class=\"screen-reader-text\">Circuits courts en temps de Coronavirus<\/span><\/a><\/p>\n","protected":false},"author":1,"featured_media":0,"comment_status":"closed","ping_status":"open","sticky":false,"template":"","format":"standard","meta":{"_uag_custom_page_level_css":"","_EventAllDay":false,"_EventTimezone":"","_EventStartDate":"","_EventEndDate":"","_EventStartDateUTC":"","_EventEndDateUTC":"","_EventShowMap":false,"_EventShowMapLink":false,"_EventURL":"","_EventCost":"","_EventCostDescription":"","_EventCurrencySymbol":"","_EventCurrencyCode":"","_EventCurrencyPosition":"","_EventDateTimeSeparator":"","_EventTimeRangeSeparator":"","_EventOrganizerID":[],"_EventVenueID":[],"_OrganizerEmail":"","_OrganizerPhone":"","_OrganizerWebsite":"","_VenueAddress":"","_VenueCity":"","_VenueCountry":"","_VenueProvince":"","_VenueState":"","_VenueZip":"","_VenuePhone":"","_VenueURL":"","_VenueStateProvince":"","_VenueLat":"","_VenueLng":"","_VenueShowMap":false,"_VenueShowMapLink":false,"_jetpack_memberships_contains_paid_content":false,"footnotes":"","jetpack_publicize_message":"","jetpack_publicize_feature_enabled":true,"jetpack_social_post_already_shared":true,"jetpack_social_options":{"image_generator_settings":{"template":"highway","default_image_id":0,"font":"","enabled":false},"version":2}},"categories":[1],"tags":[],"class_list":["post-3748","post","type-post","status-publish","format-standard","hentry","category-non-classe","without-featured-image"],"yoast_head":"<!-- This site is optimized with the Yoast SEO plugin v27.1.1 - https:\/\/yoast.com\/product\/yoast-seo-wordpress\/ -->\n<title>Circuits courts en temps de Coronavirus - ADEAR Limousin<\/title>\n<meta name=\"robots\" content=\"index, follow, max-snippet:-1, max-image-preview:large, max-video-preview:-1\" \/>\n<link rel=\"canonical\" href=\"https:\/\/adearlimousin.com\/index.php\/2020\/03\/28\/circuits-courts-en-temps-de-coronavirus\/\" \/>\n<meta property=\"og:locale\" content=\"fr_FR\" \/>\n<meta property=\"og:type\" content=\"article\" \/>\n<meta property=\"og:title\" content=\"Circuits courts en temps de Coronavirus - ADEAR Limousin\" \/>\n<meta property=\"og:description\" content=\"En ces journ\u00e9es troubl\u00e9es et confin\u00e9es&#8230; et surinform\u00e9es (!), l&rsquo;Adear va compiler sur 2 pages toutes les infos collect\u00e9es en ce moment : &#8211; pour les paysans : les infos &hellip; Lire la suite Circuits courts en temps de Coronavirus\" \/>\n<meta property=\"og:url\" content=\"https:\/\/adearlimousin.com\/index.php\/2020\/03\/28\/circuits-courts-en-temps-de-coronavirus\/\" \/>\n<meta property=\"og:site_name\" content=\"ADEAR Limousin\" \/>\n<meta property=\"article:publisher\" content=\"https:\/\/www.facebook.com\/adearlimousin\" \/>\n<meta property=\"article:author\" content=\"www.facebook.com\/adearlimousin\" \/>\n<meta property=\"article:published_time\" content=\"2020-03-28T16:05:52+00:00\" \/>\n<meta property=\"article:modified_time\" content=\"2020-04-08T16:38:13+00:00\" \/>\n<meta property=\"og:image\" content=\"https:\/\/adearlimousin.com\/wp-content\/uploads\/2020\/03\/90711149_820719341741649_2328481197715357696_o.jpg\" \/>\n<meta name=\"author\" content=\"Adearlim\" \/>\n<meta name=\"twitter:card\" content=\"summary_large_image\" \/>\n<meta name=\"twitter:label1\" content=\"\u00c9crit par\" \/>\n\t<meta name=\"twitter:data1\" content=\"Adearlim\" \/>\n\t<meta name=\"twitter:label2\" content=\"Dur\u00e9e de lecture estim\u00e9e\" \/>\n\t<meta name=\"twitter:data2\" content=\"1 minute\" \/>\n<script type=\"application\/ld+json\" class=\"yoast-schema-graph\">{\"@context\":\"https:\/\/schema.org\",\"@graph\":[{\"@type\":\"Article\",\"@id\":\"https:\/\/adearlimousin.com\/index.php\/2020\/03\/28\/circuits-courts-en-temps-de-coronavirus\/#article\",\"isPartOf\":{\"@id\":\"https:\/\/adearlimousin.com\/index.php\/2020\/03\/28\/circuits-courts-en-temps-de-coronavirus\/\"},\"author\":{\"name\":\"Adearlim\",\"@id\":\"https:\/\/adearlimousin.com\/#\/schema\/person\/4bb74e0bb3a7a85a5aaff17ff1e66915\"},\"headline\":\"Circuits courts en temps de Coronavirus\",\"datePublished\":\"2020-03-28T16:05:52+00:00\",\"dateModified\":\"2020-04-08T16:38:13+00:00\",\"mainEntityOfPage\":{\"@id\":\"https:\/\/adearlimousin.com\/index.php\/2020\/03\/28\/circuits-courts-en-temps-de-coronavirus\/\"},\"wordCount\":139,\"publisher\":{\"@id\":\"https:\/\/adearlimousin.com\/#organization\"},\"image\":{\"@id\":\"https:\/\/adearlimousin.com\/index.php\/2020\/03\/28\/circuits-courts-en-temps-de-coronavirus\/#primaryimage\"},\"thumbnailUrl\":\"https:\/\/adearlimousin.com\/wp-content\/uploads\/2020\/03\/90711149_820719341741649_2328481197715357696_o.jpg\",\"inLanguage\":\"fr-FR\"},{\"@type\":\"WebPage\",\"@id\":\"https:\/\/adearlimousin.com\/index.php\/2020\/03\/28\/circuits-courts-en-temps-de-coronavirus\/\",\"url\":\"https:\/\/adearlimousin.com\/index.php\/2020\/03\/28\/circuits-courts-en-temps-de-coronavirus\/\",\"name\":\"Circuits courts en temps de Coronavirus - ADEAR Limousin\",\"isPartOf\":{\"@id\":\"https:\/\/adearlimousin.com\/#website\"},\"primaryImageOfPage\":{\"@id\":\"https:\/\/adearlimousin.com\/index.php\/2020\/03\/28\/circuits-courts-en-temps-de-coronavirus\/#primaryimage\"},\"image\":{\"@id\":\"https:\/\/adearlimousin.com\/index.php\/2020\/03\/28\/circuits-courts-en-temps-de-coronavirus\/#primaryimage\"},\"thumbnailUrl\":\"https:\/\/adearlimousin.com\/wp-content\/uploads\/2020\/03\/90711149_820719341741649_2328481197715357696_o.jpg\",\"datePublished\":\"2020-03-28T16:05:52+00:00\",\"dateModified\":\"2020-04-08T16:38:13+00:00\",\"breadcrumb\":{\"@id\":\"https:\/\/adearlimousin.com\/index.php\/2020\/03\/28\/circuits-courts-en-temps-de-coronavirus\/#breadcrumb\"},\"inLanguage\":\"fr-FR\",\"potentialAction\":[{\"@type\":\"ReadAction\",\"target\":[\"https:\/\/adearlimousin.com\/index.php\/2020\/03\/28\/circuits-courts-en-temps-de-coronavirus\/\"]}]},{\"@type\":\"ImageObject\",\"inLanguage\":\"fr-FR\",\"@id\":\"https:\/\/adearlimousin.com\/index.php\/2020\/03\/28\/circuits-courts-en-temps-de-coronavirus\/#primaryimage\",\"url\":\"https:\/\/adearlimousin.com\/wp-content\/uploads\/2020\/03\/90711149_820719341741649_2328481197715357696_o.jpg\",\"contentUrl\":\"https:\/\/adearlimousin.com\/wp-content\/uploads\/2020\/03\/90711149_820719341741649_2328481197715357696_o.jpg\",\"width\":679,\"height\":960},{\"@type\":\"BreadcrumbList\",\"@id\":\"https:\/\/adearlimousin.com\/index.php\/2020\/03\/28\/circuits-courts-en-temps-de-coronavirus\/#breadcrumb\",\"itemListElement\":[{\"@type\":\"ListItem\",\"position\":1,\"name\":\"Accueil\",\"item\":\"https:\/\/adearlimousin.com\/\"},{\"@type\":\"ListItem\",\"position\":2,\"name\":\"Circuits courts en temps de Coronavirus\"}]},{\"@type\":\"WebSite\",\"@id\":\"https:\/\/adearlimousin.com\/#website\",\"url\":\"https:\/\/adearlimousin.com\/\",\"name\":\"ADEAR Limousin\",\"description\":\"\u00catre paysan\u00b7ne en Limousin\",\"publisher\":{\"@id\":\"https:\/\/adearlimousin.com\/#organization\"},\"potentialAction\":[{\"@type\":\"SearchAction\",\"target\":{\"@type\":\"EntryPoint\",\"urlTemplate\":\"https:\/\/adearlimousin.com\/?s={search_term_string}\"},\"query-input\":{\"@type\":\"PropertyValueSpecification\",\"valueRequired\":true,\"valueName\":\"search_term_string\"}}],\"inLanguage\":\"fr-FR\"},{\"@type\":\"Organization\",\"@id\":\"https:\/\/adearlimousin.com\/#organization\",\"name\":\"Adear Limousin\",\"url\":\"https:\/\/adearlimousin.com\/\",\"logo\":{\"@type\":\"ImageObject\",\"inLanguage\":\"fr-FR\",\"@id\":\"https:\/\/adearlimousin.com\/#\/schema\/logo\/image\/\",\"url\":\"https:\/\/adearlimousin.com\/wp-content\/uploads\/2017\/04\/ADEARLimousin-RAP_V14cm.jpg\",\"contentUrl\":\"https:\/\/adearlimousin.com\/wp-content\/uploads\/2017\/04\/ADEARLimousin-RAP_V14cm.jpg\",\"width\":142,\"height\":118,\"caption\":\"Adear Limousin\"},\"image\":{\"@id\":\"https:\/\/adearlimousin.com\/#\/schema\/logo\/image\/\"},\"sameAs\":[\"https:\/\/www.facebook.com\/adearlimousin\"]},{\"@type\":\"Person\",\"@id\":\"https:\/\/adearlimousin.com\/#\/schema\/person\/4bb74e0bb3a7a85a5aaff17ff1e66915\",\"name\":\"Adearlim\",\"image\":{\"@type\":\"ImageObject\",\"inLanguage\":\"fr-FR\",\"@id\":\"https:\/\/adearlimousin.com\/#\/schema\/person\/image\/\",\"url\":\"https:\/\/secure.gravatar.com\/avatar\/b430ec7ba00b35d85d2ee0d6e5c02ad0bb6da2807681e933a2bc9f5a75dc7b21?s=96&d=mm&r=g\",\"contentUrl\":\"https:\/\/secure.gravatar.com\/avatar\/b430ec7ba00b35d85d2ee0d6e5c02ad0bb6da2807681e933a2bc9f5a75dc7b21?s=96&d=mm&r=g\",\"caption\":\"Adearlim\"},\"sameAs\":[\"www.facebook.com\/adearlimousin\"]}]}<\/script>\n<!-- \/ Yoast SEO plugin. -->","yoast_head_json":{"title":"Circuits courts en temps de Coronavirus - ADEAR Limousin","robots":{"index":"index","follow":"follow","max-snippet":"max-snippet:-1","max-image-preview":"max-image-preview:large","max-video-preview":"max-video-preview:-1"},"canonical":"https:\/\/adearlimousin.com\/index.php\/2020\/03\/28\/circuits-courts-en-temps-de-coronavirus\/","og_locale":"fr_FR","og_type":"article","og_title":"Circuits courts en temps de Coronavirus - ADEAR Limousin","og_description":"En ces journ\u00e9es troubl\u00e9es et confin\u00e9es&#8230; et surinform\u00e9es (!), l&rsquo;Adear va compiler sur 2 pages toutes les infos collect\u00e9es en ce moment : &#8211; pour les paysans : les infos &hellip; Lire la suite Circuits courts en temps de Coronavirus","og_url":"https:\/\/adearlimousin.com\/index.php\/2020\/03\/28\/circuits-courts-en-temps-de-coronavirus\/","og_site_name":"ADEAR Limousin","article_publisher":"https:\/\/www.facebook.com\/adearlimousin","article_author":"www.facebook.com\/adearlimousin","article_published_time":"2020-03-28T16:05:52+00:00","article_modified_time":"2020-04-08T16:38:13+00:00","og_image":[{"url":"https:\/\/adearlimousin.com\/wp-content\/uploads\/2020\/03\/90711149_820719341741649_2328481197715357696_o.jpg","type":"","width":"","height":""}],"author":"Adearlim","twitter_card":"summary_large_image","twitter_misc":{"\u00c9crit par":"Adearlim","Dur\u00e9e de lecture estim\u00e9e":"1 minute"},"schema":{"@context":"https:\/\/schema.org","@graph":[{"@type":"Article","@id":"https:\/\/adearlimousin.com\/index.php\/2020\/03\/28\/circuits-courts-en-temps-de-coronavirus\/#article","isPartOf":{"@id":"https:\/\/adearlimousin.com\/index.php\/2020\/03\/28\/circuits-courts-en-temps-de-coronavirus\/"},"author":{"name":"Adearlim","@id":"https:\/\/adearlimousin.com\/#\/schema\/person\/4bb74e0bb3a7a85a5aaff17ff1e66915"},"headline":"Circuits courts en temps de Coronavirus","datePublished":"2020-03-28T16:05:52+00:00","dateModified":"2020-04-08T16:38:13+00:00","mainEntityOfPage":{"@id":"https:\/\/adearlimousin.com\/index.php\/2020\/03\/28\/circuits-courts-en-temps-de-coronavirus\/"},"wordCount":139,"publisher":{"@id":"https:\/\/adearlimousin.com\/#organization"},"image":{"@id":"https:\/\/adearlimousin.com\/index.php\/2020\/03\/28\/circuits-courts-en-temps-de-coronavirus\/#primaryimage"},"thumbnailUrl":"https:\/\/adearlimousin.com\/wp-content\/uploads\/2020\/03\/90711149_820719341741649_2328481197715357696_o.jpg","inLanguage":"fr-FR"},{"@type":"WebPage","@id":"https:\/\/adearlimousin.com\/index.php\/2020\/03\/28\/circuits-courts-en-temps-de-coronavirus\/","url":"https:\/\/adearlimousin.com\/index.php\/2020\/03\/28\/circuits-courts-en-temps-de-coronavirus\/","name":"Circuits courts en temps de Coronavirus - ADEAR Limousin","isPartOf":{"@id":"https:\/\/adearlimousin.com\/#website"},"primaryImageOfPage":{"@id":"https:\/\/adearlimousin.com\/index.php\/2020\/03\/28\/circuits-courts-en-temps-de-coronavirus\/#primaryimage"},"image":{"@id":"https:\/\/adearlimousin.com\/index.php\/2020\/03\/28\/circuits-courts-en-temps-de-coronavirus\/#primaryimage"},"thumbnailUrl":"https:\/\/adearlimousin.com\/wp-content\/uploads\/2020\/03\/90711149_820719341741649_2328481197715357696_o.jpg","datePublished":"2020-03-28T16:05:52+00:00","dateModified":"2020-04-08T16:38:13+00:00","breadcrumb":{"@id":"https:\/\/adearlimousin.com\/index.php\/2020\/03\/28\/circuits-courts-en-temps-de-coronavirus\/#breadcrumb"},"inLanguage":"fr-FR","potentialAction":[{"@type":"ReadAction","target":["https:\/\/adearlimousin.com\/index.php\/2020\/03\/28\/circuits-courts-en-temps-de-coronavirus\/"]}]},{"@type":"ImageObject","inLanguage":"fr-FR","@id":"https:\/\/adearlimousin.com\/index.php\/2020\/03\/28\/circuits-courts-en-temps-de-coronavirus\/#primaryimage","url":"https:\/\/adearlimousin.com\/wp-content\/uploads\/2020\/03\/90711149_820719341741649_2328481197715357696_o.jpg","contentUrl":"https:\/\/adearlimousin.com\/wp-content\/uploads\/2020\/03\/90711149_820719341741649_2328481197715357696_o.jpg","width":679,"height":960},{"@type":"BreadcrumbList","@id":"https:\/\/adearlimousin.com\/index.php\/2020\/03\/28\/circuits-courts-en-temps-de-coronavirus\/#breadcrumb","itemListElement":[{"@type":"ListItem","position":1,"name":"Accueil","item":"https:\/\/adearlimousin.com\/"},{"@type":"ListItem","position":2,"name":"Circuits courts en temps de Coronavirus"}]},{"@type":"WebSite","@id":"https:\/\/adearlimousin.com\/#website","url":"https:\/\/adearlimousin.com\/","name":"ADEAR Limousin","description":"\u00catre paysan\u00b7ne en Limousin","publisher":{"@id":"https:\/\/adearlimousin.com\/#organization"},"potentialAction":[{"@type":"SearchAction","target":{"@type":"EntryPoint","urlTemplate":"https:\/\/adearlimousin.com\/?s={search_term_string}"},"query-input":{"@type":"PropertyValueSpecification","valueRequired":true,"valueName":"search_term_string"}}],"inLanguage":"fr-FR"},{"@type":"Organization","@id":"https:\/\/adearlimousin.com\/#organization","name":"Adear Limousin","url":"https:\/\/adearlimousin.com\/","logo":{"@type":"ImageObject","inLanguage":"fr-FR","@id":"https:\/\/adearlimousin.com\/#\/schema\/logo\/image\/","url":"https:\/\/adearlimousin.com\/wp-content\/uploads\/2017\/04\/ADEARLimousin-RAP_V14cm.jpg","contentUrl":"https:\/\/adearlimousin.com\/wp-content\/uploads\/2017\/04\/ADEARLimousin-RAP_V14cm.jpg","width":142,"height":118,"caption":"Adear Limousin"},"image":{"@id":"https:\/\/adearlimousin.com\/#\/schema\/logo\/image\/"},"sameAs":["https:\/\/www.facebook.com\/adearlimousin"]},{"@type":"Person","@id":"https:\/\/adearlimousin.com\/#\/schema\/person\/4bb74e0bb3a7a85a5aaff17ff1e66915","name":"Adearlim","image":{"@type":"ImageObject","inLanguage":"fr-FR","@id":"https:\/\/adearlimousin.com\/#\/schema\/person\/image\/","url":"https:\/\/secure.gravatar.com\/avatar\/b430ec7ba00b35d85d2ee0d6e5c02ad0bb6da2807681e933a2bc9f5a75dc7b21?s=96&d=mm&r=g","contentUrl":"https:\/\/secure.gravatar.com\/avatar\/b430ec7ba00b35d85d2ee0d6e5c02ad0bb6da2807681e933a2bc9f5a75dc7b21?s=96&d=mm&r=g","caption":"Adearlim"},"sameAs":["www.facebook.com\/adearlimousin"]}]}},"jetpack_publicize_connections":[],"jetpack_featured_media_url":"","uagb_featured_image_src":{"full":false,"thumbnail":false,"medium":false,"medium_large":false,"large":false,"1536x1536":false,"2048x2048":false,"post-thumbnail":false,"sela-hero-thumbnail":false,"sela-page-thumbnail":false,"sela-grid-thumbnail":false,"sela-testimonial-thumbnail":false,"sela-logo":false},"uagb_author_info":{"display_name":"Adearlim","author_link":"https:\/\/adearlimousin.com\/index.php\/author\/admin3869\/"},"uagb_comment_info":0,"uagb_excerpt":"En ces journ\u00e9es troubl\u00e9es et confin\u00e9es&#8230; et surinform\u00e9es (!), l&rsquo;Adear va compiler sur 2 pages toutes les infos collect\u00e9es en ce moment : &#8211; pour les paysans : les infos &hellip; Lire la suite Circuits courts en temps de Coronavirus","jetpack_sharing_enabled":true,"jetpack_shortlink":"https:\/\/wp.me\/p8DPFj-Ys","jetpack_likes_enabled":false,"_links":{"self":[{"href":"https:\/\/adearlimousin.com\/index.php\/wp-json\/wp\/v2\/posts\/3748","targetHints":{"allow":["GET"]}}],"collection":[{"href":"https:\/\/adearlimousin.com\/index.php\/wp-json\/wp\/v2\/posts"}],"about":[{"href":"https:\/\/adearlimousin.com\/index.php\/wp-json\/wp\/v2\/types\/post"}],"author":[{"embeddable":true,"href":"https:\/\/adearlimousin.com\/index.php\/wp-json\/wp\/v2\/users\/1"}],"replies":[{"embeddable":true,"href":"https:\/\/adearlimousin.com\/index.php\/wp-json\/wp\/v2\/comments?post=3748"}],"version-history":[{"count":5,"href":"https:\/\/adearlimousin.com\/index.php\/wp-json\/wp\/v2\/posts\/3748\/revisions"}],"predecessor-version":[{"id":3855,"href":"https:\/\/adearlimousin.com\/index.php\/wp-json\/wp\/v2\/posts\/3748\/revisions\/3855"}],"wp:attachment":[{"href":"https:\/\/adearlimousin.com\/index.php\/wp-json\/wp\/v2\/media?parent=3748"}],"wp:term":[{"taxonomy":"category","embeddable":true,"href":"https:\/\/adearlimousin.com\/index.php\/wp-json\/wp\/v2\/categories?post=3748"},{"taxonomy":"post_tag","embeddable":true,"href":"https:\/\/adearlimousin.com\/index.php\/wp-json\/wp\/v2\/tags?post=3748"}],"curies":[{"name":"wp","href":"https:\/\/api.w.org\/{rel}","templated":true}]}}