{"id":3984,"date":"2020-05-13T12:34:04","date_gmt":"2020-05-13T10:34:04","guid":{"rendered":"https:\/\/adearlimousin.com\/?p=3984"},"modified":"2020-05-18T10:08:41","modified_gmt":"2020-05-18T08:08:41","slug":"deconfinement-on-reprend","status":"publish","type":"post","link":"https:\/\/adearlimousin.com\/index.php\/2020\/05\/13\/deconfinement-on-reprend\/","title":{"rendered":"D\u00e9confinement = on reprend !"},"content":{"rendered":"\n<h4 class=\"wp-block-heading\">Futur.e.s Paysan.ne.s venez faire le point avec l&rsquo;Adear et avancer sur vos projets lors : <\/h4>\n\n\n\n<p class=\"has-background has-very-light-gray-background-color\"><strong>&gt;&gt; <\/strong>des <strong>Rendez-vous de l&rsquo;Installation Paysanne <\/strong> [inscrivez-vous simplement par mail avec vos noms pr\u00e9noms]<\/p>\n\n\n\n<ul class=\"wp-block-list\"><li> Mardi 2 juin de 10h \u00e0 12h30 \u00e0 Limoges  <\/li><li> Mardi 16 juin de 10h \u00e0 12h30 en visio-conf\u00e9rence <\/li><\/ul>\n\n\n\n<p class=\"has-background has-very-light-gray-background-color\"><strong>&gt;&gt;<\/strong> des <strong>Formations d\u00e9di\u00e9es <\/strong>aux futur.e.s paysan.nes : <\/p>\n\n\n\n<ul class=\"wp-block-list\"><li><strong> <\/strong><em><strong>Organisation du travail et gestion du temps sur sa ferme. <\/strong>Comment concilier vie pro \/ vie perso ?!  <\/em><span style=\"text-decoration: underline;\">&#8211; Mardi 9 Juin au Vigen (87)<\/span><\/li><li><em> <\/em><strong><em>Acc\u00e9der au foncier agricole<\/em><\/strong><em> : m\u00e9thodologie pour une recherche efficace !<\/em>  <span style=\"text-decoration: underline;\">&#8211; Mercredi 10 juin au Vigen (87) <\/span><\/li><li><em><strong>Bien choisir les<\/strong> <strong>statuts de son installation<\/strong> et savoir <strong>chiffrer<\/strong> <strong>son projet<\/strong> !<\/em>  <span style=\"text-decoration: underline;\">&#8211; 18, 19, 29 et 30 juin<\/span><\/li><\/ul>\n\n\n\n<p class=\"has-background has-very-light-gray-background-color\">&gt;&gt; des <strong>Caf\u00e9s installation<\/strong>, des rencontres conviviales sur des th\u00e9matiques diverses : fonciers, collectifs, etc. <\/p>\n\n\n\n<ul class=\"wp-block-list\"><li><strong>Jeudi 18 juin<\/strong>, Caf\u00e9-installation avec visite de ferme <\/li><li><strong>Jeudi 16 juillet<\/strong>, Caf\u00e9-installation avec visite de ferme  <\/li><\/ul>\n\n\n\n<p class=\"has-background has-very-light-gray-background-color\">>> les <strong>rencontres maraichages<\/strong><\/p>\n\n\n\n<ul class=\"wp-block-list\"><li><strong>Mardi 26 mai,<\/strong> la production de plants et les itin\u00e9raires techniques<\/li><\/ul>\n\n\n<p><!--EndFragment--><br>\n<br>\n<\/p>","protected":false},"excerpt":{"rendered":"<p>Futur.e.s Paysan.ne.s venez faire le point avec l&rsquo;Adear et avancer sur vos projets lors : &gt;&gt; des Rendez-vous de l&rsquo;Installation Paysanne [inscrivez-vous simplement par mail avec vos noms pr\u00e9noms] Mardi &hellip; <a href=\"https:\/\/adearlimousin.com\/index.php\/2020\/05\/13\/deconfinement-on-reprend\/\" class=\"more-link\">Lire la suite <span class=\"screen-reader-text\">D\u00e9confinement = on reprend !<\/span><\/a><\/p>\n","protected":false},"author":1,"featured_media":0,"comment_status":"closed","ping_status":"open","sticky":false,"template":"","format":"standard","meta":{"_uag_custom_page_level_css":"","_EventAllDay":false,"_EventTimezone":"","_EventStartDate":"","_EventEndDate":"","_EventStartDateUTC":"","_EventEndDateUTC":"","_EventShowMap":false,"_EventShowMapLink":false,"_EventURL":"","_EventCost":"","_EventCostDescription":"","_EventCurrencySymbol":"","_EventCurrencyCode":"","_EventCurrencyPosition":"","_EventDateTimeSeparator":"","_EventTimeRangeSeparator":"","_EventOrganizerID":[],"_EventVenueID":[],"_OrganizerEmail":"","_OrganizerPhone":"","_OrganizerWebsite":"","_VenueAddress":"","_VenueCity":"","_VenueCountry":"","_VenueProvince":"","_VenueState":"","_VenueZip":"","_VenuePhone":"","_VenueURL":"","_VenueStateProvince":"","_VenueLat":"","_VenueLng":"","_VenueShowMap":false,"_VenueShowMapLink":false,"_jetpack_memberships_contains_paid_content":false,"footnotes":"","jetpack_publicize_message":"","jetpack_publicize_feature_enabled":true,"jetpack_social_post_already_shared":true,"jetpack_social_options":{"image_generator_settings":{"template":"highway","default_image_id":0,"font":"","enabled":false},"version":2}},"categories":[1],"tags":[],"class_list":["post-3984","post","type-post","status-publish","format-standard","hentry","category-non-classe","without-featured-image"],"yoast_head":"<!-- This site is optimized with the Yoast SEO plugin v27.1.1 - https:\/\/yoast.com\/product\/yoast-seo-wordpress\/ -->\n<title>D\u00e9confinement = on reprend ! - ADEAR Limousin<\/title>\n<meta name=\"robots\" content=\"index, follow, max-snippet:-1, max-image-preview:large, max-video-preview:-1\" \/>\n<link rel=\"canonical\" href=\"https:\/\/adearlimousin.com\/index.php\/2020\/05\/13\/deconfinement-on-reprend\/\" \/>\n<meta property=\"og:locale\" content=\"fr_FR\" \/>\n<meta property=\"og:type\" content=\"article\" \/>\n<meta property=\"og:title\" content=\"D\u00e9confinement = on reprend ! - ADEAR Limousin\" \/>\n<meta property=\"og:description\" content=\"Futur.e.s Paysan.ne.s venez faire le point avec l&rsquo;Adear et avancer sur vos projets lors : &gt;&gt; des Rendez-vous de l&rsquo;Installation Paysanne [inscrivez-vous simplement par mail avec vos noms pr\u00e9noms] Mardi &hellip; Lire la suite D\u00e9confinement = on reprend !\" \/>\n<meta property=\"og:url\" content=\"https:\/\/adearlimousin.com\/index.php\/2020\/05\/13\/deconfinement-on-reprend\/\" \/>\n<meta property=\"og:site_name\" content=\"ADEAR Limousin\" \/>\n<meta property=\"article:publisher\" content=\"https:\/\/www.facebook.com\/adearlimousin\" \/>\n<meta property=\"article:author\" content=\"www.facebook.com\/adearlimousin\" \/>\n<meta property=\"article:published_time\" content=\"2020-05-13T10:34:04+00:00\" \/>\n<meta property=\"article:modified_time\" content=\"2020-05-18T08:08:41+00:00\" \/>\n<meta property=\"og:image\" content=\"https:\/\/adearlimousin.com\/wp-content\/uploads\/2017\/04\/ADEARLimousin-RAP_V14cm.jpg\" \/>\n\t<meta property=\"og:image:width\" content=\"142\" \/>\n\t<meta property=\"og:image:height\" content=\"118\" \/>\n\t<meta property=\"og:image:type\" content=\"image\/jpeg\" \/>\n<meta name=\"author\" content=\"Adearlim\" \/>\n<meta name=\"twitter:card\" content=\"summary_large_image\" \/>\n<meta name=\"twitter:label1\" content=\"\u00c9crit par\" \/>\n\t<meta name=\"twitter:data1\" content=\"Adearlim\" \/>\n\t<meta name=\"twitter:label2\" content=\"Dur\u00e9e de lecture estim\u00e9e\" \/>\n\t<meta name=\"twitter:data2\" content=\"1 minute\" \/>\n<script type=\"application\/ld+json\" class=\"yoast-schema-graph\">{\"@context\":\"https:\/\/schema.org\",\"@graph\":[{\"@type\":\"Article\",\"@id\":\"https:\/\/adearlimousin.com\/index.php\/2020\/05\/13\/deconfinement-on-reprend\/#article\",\"isPartOf\":{\"@id\":\"https:\/\/adearlimousin.com\/index.php\/2020\/05\/13\/deconfinement-on-reprend\/\"},\"author\":{\"name\":\"Adearlim\",\"@id\":\"https:\/\/adearlimousin.com\/#\/schema\/person\/4bb74e0bb3a7a85a5aaff17ff1e66915\"},\"headline\":\"D\u00e9confinement = on reprend !\",\"datePublished\":\"2020-05-13T10:34:04+00:00\",\"dateModified\":\"2020-05-18T08:08:41+00:00\",\"mainEntityOfPage\":{\"@id\":\"https:\/\/adearlimousin.com\/index.php\/2020\/05\/13\/deconfinement-on-reprend\/\"},\"wordCount\":164,\"publisher\":{\"@id\":\"https:\/\/adearlimousin.com\/#organization\"},\"inLanguage\":\"fr-FR\"},{\"@type\":\"WebPage\",\"@id\":\"https:\/\/adearlimousin.com\/index.php\/2020\/05\/13\/deconfinement-on-reprend\/\",\"url\":\"https:\/\/adearlimousin.com\/index.php\/2020\/05\/13\/deconfinement-on-reprend\/\",\"name\":\"D\u00e9confinement = on reprend ! - ADEAR Limousin\",\"isPartOf\":{\"@id\":\"https:\/\/adearlimousin.com\/#website\"},\"datePublished\":\"2020-05-13T10:34:04+00:00\",\"dateModified\":\"2020-05-18T08:08:41+00:00\",\"breadcrumb\":{\"@id\":\"https:\/\/adearlimousin.com\/index.php\/2020\/05\/13\/deconfinement-on-reprend\/#breadcrumb\"},\"inLanguage\":\"fr-FR\",\"potentialAction\":[{\"@type\":\"ReadAction\",\"target\":[\"https:\/\/adearlimousin.com\/index.php\/2020\/05\/13\/deconfinement-on-reprend\/\"]}]},{\"@type\":\"BreadcrumbList\",\"@id\":\"https:\/\/adearlimousin.com\/index.php\/2020\/05\/13\/deconfinement-on-reprend\/#breadcrumb\",\"itemListElement\":[{\"@type\":\"ListItem\",\"position\":1,\"name\":\"Accueil\",\"item\":\"https:\/\/adearlimousin.com\/\"},{\"@type\":\"ListItem\",\"position\":2,\"name\":\"D\u00e9confinement = on reprend !\"}]},{\"@type\":\"WebSite\",\"@id\":\"https:\/\/adearlimousin.com\/#website\",\"url\":\"https:\/\/adearlimousin.com\/\",\"name\":\"ADEAR Limousin\",\"description\":\"\u00catre paysan\u00b7ne en Limousin\",\"publisher\":{\"@id\":\"https:\/\/adearlimousin.com\/#organization\"},\"potentialAction\":[{\"@type\":\"SearchAction\",\"target\":{\"@type\":\"EntryPoint\",\"urlTemplate\":\"https:\/\/adearlimousin.com\/?s={search_term_string}\"},\"query-input\":{\"@type\":\"PropertyValueSpecification\",\"valueRequired\":true,\"valueName\":\"search_term_string\"}}],\"inLanguage\":\"fr-FR\"},{\"@type\":\"Organization\",\"@id\":\"https:\/\/adearlimousin.com\/#organization\",\"name\":\"Adear Limousin\",\"url\":\"https:\/\/adearlimousin.com\/\",\"logo\":{\"@type\":\"ImageObject\",\"inLanguage\":\"fr-FR\",\"@id\":\"https:\/\/adearlimousin.com\/#\/schema\/logo\/image\/\",\"url\":\"https:\/\/adearlimousin.com\/wp-content\/uploads\/2017\/04\/ADEARLimousin-RAP_V14cm.jpg\",\"contentUrl\":\"https:\/\/adearlimousin.com\/wp-content\/uploads\/2017\/04\/ADEARLimousin-RAP_V14cm.jpg\",\"width\":142,\"height\":118,\"caption\":\"Adear Limousin\"},\"image\":{\"@id\":\"https:\/\/adearlimousin.com\/#\/schema\/logo\/image\/\"},\"sameAs\":[\"https:\/\/www.facebook.com\/adearlimousin\"]},{\"@type\":\"Person\",\"@id\":\"https:\/\/adearlimousin.com\/#\/schema\/person\/4bb74e0bb3a7a85a5aaff17ff1e66915\",\"name\":\"Adearlim\",\"image\":{\"@type\":\"ImageObject\",\"inLanguage\":\"fr-FR\",\"@id\":\"https:\/\/adearlimousin.com\/#\/schema\/person\/image\/\",\"url\":\"https:\/\/secure.gravatar.com\/avatar\/b430ec7ba00b35d85d2ee0d6e5c02ad0bb6da2807681e933a2bc9f5a75dc7b21?s=96&d=mm&r=g\",\"contentUrl\":\"https:\/\/secure.gravatar.com\/avatar\/b430ec7ba00b35d85d2ee0d6e5c02ad0bb6da2807681e933a2bc9f5a75dc7b21?s=96&d=mm&r=g\",\"caption\":\"Adearlim\"},\"sameAs\":[\"www.facebook.com\/adearlimousin\"]}]}<\/script>\n<!-- \/ Yoast SEO plugin. -->","yoast_head_json":{"title":"D\u00e9confinement = on reprend ! - ADEAR Limousin","robots":{"index":"index","follow":"follow","max-snippet":"max-snippet:-1","max-image-preview":"max-image-preview:large","max-video-preview":"max-video-preview:-1"},"canonical":"https:\/\/adearlimousin.com\/index.php\/2020\/05\/13\/deconfinement-on-reprend\/","og_locale":"fr_FR","og_type":"article","og_title":"D\u00e9confinement = on reprend ! - ADEAR Limousin","og_description":"Futur.e.s Paysan.ne.s venez faire le point avec l&rsquo;Adear et avancer sur vos projets lors : &gt;&gt; des Rendez-vous de l&rsquo;Installation Paysanne [inscrivez-vous simplement par mail avec vos noms pr\u00e9noms] Mardi &hellip; Lire la suite D\u00e9confinement = on reprend !","og_url":"https:\/\/adearlimousin.com\/index.php\/2020\/05\/13\/deconfinement-on-reprend\/","og_site_name":"ADEAR Limousin","article_publisher":"https:\/\/www.facebook.com\/adearlimousin","article_author":"www.facebook.com\/adearlimousin","article_published_time":"2020-05-13T10:34:04+00:00","article_modified_time":"2020-05-18T08:08:41+00:00","og_image":[{"width":142,"height":118,"url":"https:\/\/adearlimousin.com\/wp-content\/uploads\/2017\/04\/ADEARLimousin-RAP_V14cm.jpg","type":"image\/jpeg"}],"author":"Adearlim","twitter_card":"summary_large_image","twitter_misc":{"\u00c9crit par":"Adearlim","Dur\u00e9e de lecture estim\u00e9e":"1 minute"},"schema":{"@context":"https:\/\/schema.org","@graph":[{"@type":"Article","@id":"https:\/\/adearlimousin.com\/index.php\/2020\/05\/13\/deconfinement-on-reprend\/#article","isPartOf":{"@id":"https:\/\/adearlimousin.com\/index.php\/2020\/05\/13\/deconfinement-on-reprend\/"},"author":{"name":"Adearlim","@id":"https:\/\/adearlimousin.com\/#\/schema\/person\/4bb74e0bb3a7a85a5aaff17ff1e66915"},"headline":"D\u00e9confinement = on reprend !","datePublished":"2020-05-13T10:34:04+00:00","dateModified":"2020-05-18T08:08:41+00:00","mainEntityOfPage":{"@id":"https:\/\/adearlimousin.com\/index.php\/2020\/05\/13\/deconfinement-on-reprend\/"},"wordCount":164,"publisher":{"@id":"https:\/\/adearlimousin.com\/#organization"},"inLanguage":"fr-FR"},{"@type":"WebPage","@id":"https:\/\/adearlimousin.com\/index.php\/2020\/05\/13\/deconfinement-on-reprend\/","url":"https:\/\/adearlimousin.com\/index.php\/2020\/05\/13\/deconfinement-on-reprend\/","name":"D\u00e9confinement = on reprend ! - ADEAR Limousin","isPartOf":{"@id":"https:\/\/adearlimousin.com\/#website"},"datePublished":"2020-05-13T10:34:04+00:00","dateModified":"2020-05-18T08:08:41+00:00","breadcrumb":{"@id":"https:\/\/adearlimousin.com\/index.php\/2020\/05\/13\/deconfinement-on-reprend\/#breadcrumb"},"inLanguage":"fr-FR","potentialAction":[{"@type":"ReadAction","target":["https:\/\/adearlimousin.com\/index.php\/2020\/05\/13\/deconfinement-on-reprend\/"]}]},{"@type":"BreadcrumbList","@id":"https:\/\/adearlimousin.com\/index.php\/2020\/05\/13\/deconfinement-on-reprend\/#breadcrumb","itemListElement":[{"@type":"ListItem","position":1,"name":"Accueil","item":"https:\/\/adearlimousin.com\/"},{"@type":"ListItem","position":2,"name":"D\u00e9confinement = on reprend !"}]},{"@type":"WebSite","@id":"https:\/\/adearlimousin.com\/#website","url":"https:\/\/adearlimousin.com\/","name":"ADEAR Limousin","description":"\u00catre paysan\u00b7ne en Limousin","publisher":{"@id":"https:\/\/adearlimousin.com\/#organization"},"potentialAction":[{"@type":"SearchAction","target":{"@type":"EntryPoint","urlTemplate":"https:\/\/adearlimousin.com\/?s={search_term_string}"},"query-input":{"@type":"PropertyValueSpecification","valueRequired":true,"valueName":"search_term_string"}}],"inLanguage":"fr-FR"},{"@type":"Organization","@id":"https:\/\/adearlimousin.com\/#organization","name":"Adear Limousin","url":"https:\/\/adearlimousin.com\/","logo":{"@type":"ImageObject","inLanguage":"fr-FR","@id":"https:\/\/adearlimousin.com\/#\/schema\/logo\/image\/","url":"https:\/\/adearlimousin.com\/wp-content\/uploads\/2017\/04\/ADEARLimousin-RAP_V14cm.jpg","contentUrl":"https:\/\/adearlimousin.com\/wp-content\/uploads\/2017\/04\/ADEARLimousin-RAP_V14cm.jpg","width":142,"height":118,"caption":"Adear Limousin"},"image":{"@id":"https:\/\/adearlimousin.com\/#\/schema\/logo\/image\/"},"sameAs":["https:\/\/www.facebook.com\/adearlimousin"]},{"@type":"Person","@id":"https:\/\/adearlimousin.com\/#\/schema\/person\/4bb74e0bb3a7a85a5aaff17ff1e66915","name":"Adearlim","image":{"@type":"ImageObject","inLanguage":"fr-FR","@id":"https:\/\/adearlimousin.com\/#\/schema\/person\/image\/","url":"https:\/\/secure.gravatar.com\/avatar\/b430ec7ba00b35d85d2ee0d6e5c02ad0bb6da2807681e933a2bc9f5a75dc7b21?s=96&d=mm&r=g","contentUrl":"https:\/\/secure.gravatar.com\/avatar\/b430ec7ba00b35d85d2ee0d6e5c02ad0bb6da2807681e933a2bc9f5a75dc7b21?s=96&d=mm&r=g","caption":"Adearlim"},"sameAs":["www.facebook.com\/adearlimousin"]}]}},"jetpack_publicize_connections":[],"jetpack_featured_media_url":"","uagb_featured_image_src":{"full":false,"thumbnail":false,"medium":false,"medium_large":false,"large":false,"1536x1536":false,"2048x2048":false,"post-thumbnail":false,"sela-hero-thumbnail":false,"sela-page-thumbnail":false,"sela-grid-thumbnail":false,"sela-testimonial-thumbnail":false,"sela-logo":false},"uagb_author_info":{"display_name":"Adearlim","author_link":"https:\/\/adearlimousin.com\/index.php\/author\/admin3869\/"},"uagb_comment_info":0,"uagb_excerpt":"Futur.e.s Paysan.ne.s venez faire le point avec l&rsquo;Adear et avancer sur vos projets lors : &gt;&gt; des Rendez-vous de l&rsquo;Installation Paysanne [inscrivez-vous simplement par mail avec vos noms pr\u00e9noms] Mardi &hellip; Lire la suite D\u00e9confinement = on reprend !","jetpack_sharing_enabled":true,"jetpack_shortlink":"https:\/\/wp.me\/p8DPFj-12g","jetpack_likes_enabled":false,"_links":{"self":[{"href":"https:\/\/adearlimousin.com\/index.php\/wp-json\/wp\/v2\/posts\/3984","targetHints":{"allow":["GET"]}}],"collection":[{"href":"https:\/\/adearlimousin.com\/index.php\/wp-json\/wp\/v2\/posts"}],"about":[{"href":"https:\/\/adearlimousin.com\/index.php\/wp-json\/wp\/v2\/types\/post"}],"author":[{"embeddable":true,"href":"https:\/\/adearlimousin.com\/index.php\/wp-json\/wp\/v2\/users\/1"}],"replies":[{"embeddable":true,"href":"https:\/\/adearlimousin.com\/index.php\/wp-json\/wp\/v2\/comments?post=3984"}],"version-history":[{"count":12,"href":"https:\/\/adearlimousin.com\/index.php\/wp-json\/wp\/v2\/posts\/3984\/revisions"}],"predecessor-version":[{"id":4009,"href":"https:\/\/adearlimousin.com\/index.php\/wp-json\/wp\/v2\/posts\/3984\/revisions\/4009"}],"wp:attachment":[{"href":"https:\/\/adearlimousin.com\/index.php\/wp-json\/wp\/v2\/media?parent=3984"}],"wp:term":[{"taxonomy":"category","embeddable":true,"href":"https:\/\/adearlimousin.com\/index.php\/wp-json\/wp\/v2\/categories?post=3984"},{"taxonomy":"post_tag","embeddable":true,"href":"https:\/\/adearlimousin.com\/index.php\/wp-json\/wp\/v2\/tags?post=3984"}],"curies":[{"name":"wp","href":"https:\/\/api.w.org\/{rel}","templated":true}]}}