{"id":4467,"date":"2020-12-11T11:22:42","date_gmt":"2020-12-11T10:22:42","guid":{"rendered":"https:\/\/adearlimousin.com\/?p=4467"},"modified":"2021-03-08T16:45:08","modified_gmt":"2021-03-08T15:45:08","slug":"formation-vivea-augmentation-des-plafonds-pour-2021","status":"publish","type":"post","link":"https:\/\/adearlimousin.com\/index.php\/2020\/12\/11\/formation-vivea-augmentation-des-plafonds-pour-2021\/","title":{"rendered":"Formation Viv\u00e9a : Augmentation des plafonds pour 2021"},"content":{"rendered":"\n<p> <strong>Bonne nouvelle et belle victoire : <\/strong><br>Le fonds de formation Viv\u00e9a a d\u00e9cid\u00e9 de rehauss\u00e9 \u00e0 2250 euros le plafond annuel de formation pour les contributeurs (au lieu de 2 000\u20ac ces derni\u00e8res ann\u00e9es).<br>Ce plafond annuel du cr\u00e9dit est supprim\u00e9 pour les porteurs de projet ! Mais les fonds ne sont cependant accessibles que dans le cadre du parcours officiel \u00e0 l&rsquo;installation en agriculture.<br><br>La Conf\u00e9d\u00e9ration Paysanne veut aller plus loin et que les financements Viv\u00e9a soient \u00e0 nouveau ouverts \u00e0 tous les personnes en d\u00e9marche de projet. Voir CP ci-dessous \u2935\ufe0f<\/p>\n\n\n\n<h2 class=\"wp-block-heading\"><em><a href=\"http:\/\/www.confederationpaysanne.fr\/actu.php?id=10915&amp;fbclid=IwAR1g53HQRYkoRl6pxrubQgan1OHEsKVeTM93wJJf2Ar7cDfpdmNwBVJZk6U\" target=\"_blank\" aria-label=\"undefined (s\u2019ouvre dans un nouvel onglet)\" rel=\"noreferrer noopener\">Le geste positif de Viv\u00e9a doit maintenant profiter \u00e0 tous les candidat.es \u00e0 l\u2019installation<\/a><\/em><\/h2>\n\n\n\n<figure class=\"wp-block-image size-large\"><img loading=\"lazy\" decoding=\"async\" width=\"800\" height=\"420\" src=\"https:\/\/adearlimousin.com\/wp-content\/uploads\/2020\/12\/LzvFMPuw1.png\" alt=\"\" class=\"wp-image-4468\" srcset=\"https:\/\/adearlimousin.com\/wp-content\/uploads\/2020\/12\/LzvFMPuw1.png 800w, https:\/\/adearlimousin.com\/wp-content\/uploads\/2020\/12\/LzvFMPuw1-300x158.png 300w, https:\/\/adearlimousin.com\/wp-content\/uploads\/2020\/12\/LzvFMPuw1-768x403.png 768w, https:\/\/adearlimousin.com\/wp-content\/uploads\/2020\/12\/LzvFMPuw1-600x315.png 600w, https:\/\/adearlimousin.com\/wp-content\/uploads\/2020\/12\/LzvFMPuw1-724x380.png 724w\" sizes=\"auto, (max-width: 800px) 100vw, 800px\" \/><\/figure>\n\n\n\n<p><em>Lors de son conseil d&rsquo;administration ce 9 d\u00e9cembre, le fonds d&rsquo;assurance formation Viv\u00e9a a d\u00e9cid\u00e9 de supprimer le plafond annuel du cr\u00e9dit formation pour les porteurs de projet. Ce plafond \u00e9tait jusque-l\u00e0 de 2 000 euros par personne dans le cadre du parcours officiel \u00e0 l&rsquo;installation en agriculture. Le plafond de ce cr\u00e9dit est par ailleurs rehauss\u00e9 de 250 euros pour les autres contributeurs.<\/em><\/p>\n\n\n\n<p><em>Cette d\u00e9cision est une victoire pour la Conf\u00e9d\u00e9ration paysanne et une v\u00e9ritable avanc\u00e9e pour tous les candidat.e.s \u00e0 l&rsquo;installation, pr\u00e9sents et \u00e0 venir ! En 2018, Viv\u00e9a avait en effet d\u00e9cid\u00e9, avec le soutien du Minist\u00e8re de l&rsquo;agriculture, de plafonner l&rsquo;acc\u00e8s \u00e0 la formation des contributeurs.trices. Depuis, les porteurs de projet butaient en permanence sur ce plafond et avaient des difficult\u00e9s \u00e0 se former correctement.<\/em><\/p>\n\n\n\n<p><em>Cette r\u00e9forme de 2018 du Viv\u00e9a avait aussi eu pour cons\u00e9quence de supprimer le dispositif \u00ab\u00a0d&rsquo;\u00e9mergence\u00a0\u00bb destin\u00e9 aux candidats \u00e0 l&rsquo;installation avant leur entr\u00e9e dans le parcours officiel d&rsquo;installation. Ce dispositif permettait un accompagnement lors de la phase d\u00e9terminante de r\u00e9flexion et de maturation d&rsquo;un projet agricole en amont de l&rsquo;installation. La Conf\u00e9d\u00e9ration paysanne s&rsquo;\u00e9tait alors fortement mobilis\u00e9e pour d\u00e9noncer une d\u00e9cision inacceptable dans un contexte o\u00f9 le nombre d&rsquo;actifs agricoles ne cesse de s&rsquo;effondrer et que 45% des paysans vont cesser leur activit\u00e9 d&rsquo;ici 2026 (1).<\/em><\/p>\n\n\n\n<p><em>Fort de cette d\u00e9cision, la Conf\u00e9d\u00e9ration paysanne appelle Viv\u00e9a \u00e0 aller au bout de sa d\u00e9marche et \u00e0 r\u00e9investir la question de l&rsquo;\u00e9mergence. Trop nombreux sont celles et ceux qui renoncent \u00e0 l&rsquo;installation faute d&rsquo;accompagnement et de formation.<\/em><\/p>\n\n\n\n<p><em>Rappelons que Viv\u00e9a est un outil financ\u00e9 par les paysan-ne-s et \u00e0 leur service, or la grande majorit\u00e9 d&rsquo;entre eux est pr\u00e9occup\u00e9e par la question de la transmission, et confront\u00e9e \u00e0 la difficult\u00e9 \u00e0 trouver des repreneurs. Refuser de financer la formation de potentiels candidat.es, m\u00eame encore \u00e9loign\u00e9s de l&rsquo;installation, est un non-sens pour l&rsquo;acc\u00e8s au m\u00e9tier, pour les futurs c\u00e9dants, pour l&#8217;emploi et le dynamisme de nos territoires.<\/em><\/p>\n\n\n\n<p><br><em>(1) Avis du CESE, \u00ab\u00a0Entre transmettre et s&rsquo;installer, l&rsquo;avenir de l&rsquo;agriculture\u00a0\u00bb, 2020, <a href=\"https:\/\/www.lecese.fr\/sites\/default\/files\/pdf\/Fiches\/2020\/FI10_avenir_agriculture.pdf\">https:\/\/www.lecese.fr\/sites\/default\/files\/pdf\/Fiches\/2020\/FI10_avenir_agriculture.pdf<\/a><\/em><\/p>\n","protected":false},"excerpt":{"rendered":"<p>Bonne nouvelle et belle victoire : Le fonds de formation Viv\u00e9a a d\u00e9cid\u00e9 de rehauss\u00e9 \u00e0 2250 euros le plafond annuel de formation pour les contributeurs (au lieu de 2 &hellip; <a href=\"https:\/\/adearlimousin.com\/index.php\/2020\/12\/11\/formation-vivea-augmentation-des-plafonds-pour-2021\/\" class=\"more-link\">Lire la suite <span class=\"screen-reader-text\">Formation Viv\u00e9a : Augmentation des plafonds pour 2021<\/span><\/a><\/p>\n","protected":false},"author":1,"featured_media":0,"comment_status":"closed","ping_status":"open","sticky":false,"template":"","format":"standard","meta":{"_uag_custom_page_level_css":"","_EventAllDay":false,"_EventTimezone":"","_EventStartDate":"","_EventEndDate":"","_EventStartDateUTC":"","_EventEndDateUTC":"","_EventShowMap":false,"_EventShowMapLink":false,"_EventURL":"","_EventCost":"","_EventCostDescription":"","_EventCurrencySymbol":"","_EventCurrencyCode":"","_EventCurrencyPosition":"","_EventDateTimeSeparator":"","_EventTimeRangeSeparator":"","_EventOrganizerID":[],"_EventVenueID":[],"_OrganizerEmail":"","_OrganizerPhone":"","_OrganizerWebsite":"","_VenueAddress":"","_VenueCity":"","_VenueCountry":"","_VenueProvince":"","_VenueState":"","_VenueZip":"","_VenuePhone":"","_VenueURL":"","_VenueStateProvince":"","_VenueLat":"","_VenueLng":"","_VenueShowMap":false,"_VenueShowMapLink":false,"_jetpack_memberships_contains_paid_content":false,"footnotes":"","jetpack_publicize_message":"","jetpack_publicize_feature_enabled":true,"jetpack_social_post_already_shared":true,"jetpack_social_options":{"image_generator_settings":{"template":"highway","default_image_id":0,"font":"","enabled":false},"version":2}},"categories":[2,13],"tags":[],"class_list":["post-4467","post","type-post","status-publish","format-standard","hentry","category-actus","category-formation","without-featured-image"],"yoast_head":"<!-- This site is optimized with the Yoast SEO plugin v27.1.1 - https:\/\/yoast.com\/product\/yoast-seo-wordpress\/ -->\n<title>Formation Viv\u00e9a : Augmentation des plafonds pour 2021 - ADEAR Limousin<\/title>\n<meta name=\"robots\" content=\"index, follow, max-snippet:-1, max-image-preview:large, max-video-preview:-1\" \/>\n<link rel=\"canonical\" href=\"https:\/\/adearlimousin.com\/index.php\/2020\/12\/11\/formation-vivea-augmentation-des-plafonds-pour-2021\/\" \/>\n<meta property=\"og:locale\" content=\"fr_FR\" \/>\n<meta property=\"og:type\" content=\"article\" \/>\n<meta property=\"og:title\" content=\"Formation Viv\u00e9a : Augmentation des plafonds pour 2021 - ADEAR Limousin\" \/>\n<meta property=\"og:description\" content=\"Bonne nouvelle et belle victoire : Le fonds de formation Viv\u00e9a a d\u00e9cid\u00e9 de rehauss\u00e9 \u00e0 2250 euros le plafond annuel de formation pour les contributeurs (au lieu de 2 &hellip; Lire la suite Formation Viv\u00e9a : Augmentation des plafonds pour 2021\" \/>\n<meta property=\"og:url\" content=\"https:\/\/adearlimousin.com\/index.php\/2020\/12\/11\/formation-vivea-augmentation-des-plafonds-pour-2021\/\" \/>\n<meta property=\"og:site_name\" content=\"ADEAR Limousin\" \/>\n<meta property=\"article:publisher\" content=\"https:\/\/www.facebook.com\/adearlimousin\" \/>\n<meta property=\"article:author\" content=\"www.facebook.com\/adearlimousin\" \/>\n<meta property=\"article:published_time\" content=\"2020-12-11T10:22:42+00:00\" \/>\n<meta property=\"article:modified_time\" content=\"2021-03-08T15:45:08+00:00\" \/>\n<meta property=\"og:image\" content=\"https:\/\/adearlimousin.com\/wp-content\/uploads\/2020\/12\/LzvFMPuw1.png\" \/>\n\t<meta property=\"og:image:width\" content=\"800\" \/>\n\t<meta property=\"og:image:height\" content=\"420\" \/>\n\t<meta property=\"og:image:type\" content=\"image\/png\" \/>\n<meta name=\"author\" content=\"Adearlim\" \/>\n<meta name=\"twitter:card\" content=\"summary_large_image\" \/>\n<meta name=\"twitter:label1\" content=\"\u00c9crit par\" \/>\n\t<meta name=\"twitter:data1\" content=\"Adearlim\" \/>\n\t<meta name=\"twitter:label2\" content=\"Dur\u00e9e de lecture estim\u00e9e\" \/>\n\t<meta name=\"twitter:data2\" content=\"2 minutes\" \/>\n<script type=\"application\/ld+json\" class=\"yoast-schema-graph\">{\"@context\":\"https:\/\/schema.org\",\"@graph\":[{\"@type\":\"Article\",\"@id\":\"https:\/\/adearlimousin.com\/index.php\/2020\/12\/11\/formation-vivea-augmentation-des-plafonds-pour-2021\/#article\",\"isPartOf\":{\"@id\":\"https:\/\/adearlimousin.com\/index.php\/2020\/12\/11\/formation-vivea-augmentation-des-plafonds-pour-2021\/\"},\"author\":{\"name\":\"Adearlim\",\"@id\":\"https:\/\/adearlimousin.com\/#\/schema\/person\/4bb74e0bb3a7a85a5aaff17ff1e66915\"},\"headline\":\"Formation Viv\u00e9a : Augmentation des plafonds pour 2021\",\"datePublished\":\"2020-12-11T10:22:42+00:00\",\"dateModified\":\"2021-03-08T15:45:08+00:00\",\"mainEntityOfPage\":{\"@id\":\"https:\/\/adearlimousin.com\/index.php\/2020\/12\/11\/formation-vivea-augmentation-des-plafonds-pour-2021\/\"},\"wordCount\":487,\"publisher\":{\"@id\":\"https:\/\/adearlimousin.com\/#organization\"},\"image\":{\"@id\":\"https:\/\/adearlimousin.com\/index.php\/2020\/12\/11\/formation-vivea-augmentation-des-plafonds-pour-2021\/#primaryimage\"},\"thumbnailUrl\":\"https:\/\/adearlimousin.com\/wp-content\/uploads\/2020\/12\/LzvFMPuw1.png\",\"articleSection\":[\"Actus\",\"Formation\"],\"inLanguage\":\"fr-FR\"},{\"@type\":\"WebPage\",\"@id\":\"https:\/\/adearlimousin.com\/index.php\/2020\/12\/11\/formation-vivea-augmentation-des-plafonds-pour-2021\/\",\"url\":\"https:\/\/adearlimousin.com\/index.php\/2020\/12\/11\/formation-vivea-augmentation-des-plafonds-pour-2021\/\",\"name\":\"Formation Viv\u00e9a : Augmentation des plafonds pour 2021 - ADEAR Limousin\",\"isPartOf\":{\"@id\":\"https:\/\/adearlimousin.com\/#website\"},\"primaryImageOfPage\":{\"@id\":\"https:\/\/adearlimousin.com\/index.php\/2020\/12\/11\/formation-vivea-augmentation-des-plafonds-pour-2021\/#primaryimage\"},\"image\":{\"@id\":\"https:\/\/adearlimousin.com\/index.php\/2020\/12\/11\/formation-vivea-augmentation-des-plafonds-pour-2021\/#primaryimage\"},\"thumbnailUrl\":\"https:\/\/adearlimousin.com\/wp-content\/uploads\/2020\/12\/LzvFMPuw1.png\",\"datePublished\":\"2020-12-11T10:22:42+00:00\",\"dateModified\":\"2021-03-08T15:45:08+00:00\",\"breadcrumb\":{\"@id\":\"https:\/\/adearlimousin.com\/index.php\/2020\/12\/11\/formation-vivea-augmentation-des-plafonds-pour-2021\/#breadcrumb\"},\"inLanguage\":\"fr-FR\",\"potentialAction\":[{\"@type\":\"ReadAction\",\"target\":[\"https:\/\/adearlimousin.com\/index.php\/2020\/12\/11\/formation-vivea-augmentation-des-plafonds-pour-2021\/\"]}]},{\"@type\":\"ImageObject\",\"inLanguage\":\"fr-FR\",\"@id\":\"https:\/\/adearlimousin.com\/index.php\/2020\/12\/11\/formation-vivea-augmentation-des-plafonds-pour-2021\/#primaryimage\",\"url\":\"https:\/\/adearlimousin.com\/wp-content\/uploads\/2020\/12\/LzvFMPuw1.png\",\"contentUrl\":\"https:\/\/adearlimousin.com\/wp-content\/uploads\/2020\/12\/LzvFMPuw1.png\",\"width\":800,\"height\":420},{\"@type\":\"BreadcrumbList\",\"@id\":\"https:\/\/adearlimousin.com\/index.php\/2020\/12\/11\/formation-vivea-augmentation-des-plafonds-pour-2021\/#breadcrumb\",\"itemListElement\":[{\"@type\":\"ListItem\",\"position\":1,\"name\":\"Accueil\",\"item\":\"https:\/\/adearlimousin.com\/\"},{\"@type\":\"ListItem\",\"position\":2,\"name\":\"Formation Viv\u00e9a : Augmentation des plafonds pour 2021\"}]},{\"@type\":\"WebSite\",\"@id\":\"https:\/\/adearlimousin.com\/#website\",\"url\":\"https:\/\/adearlimousin.com\/\",\"name\":\"ADEAR Limousin\",\"description\":\"\u00catre paysan\u00b7ne en Limousin\",\"publisher\":{\"@id\":\"https:\/\/adearlimousin.com\/#organization\"},\"potentialAction\":[{\"@type\":\"SearchAction\",\"target\":{\"@type\":\"EntryPoint\",\"urlTemplate\":\"https:\/\/adearlimousin.com\/?s={search_term_string}\"},\"query-input\":{\"@type\":\"PropertyValueSpecification\",\"valueRequired\":true,\"valueName\":\"search_term_string\"}}],\"inLanguage\":\"fr-FR\"},{\"@type\":\"Organization\",\"@id\":\"https:\/\/adearlimousin.com\/#organization\",\"name\":\"Adear Limousin\",\"url\":\"https:\/\/adearlimousin.com\/\",\"logo\":{\"@type\":\"ImageObject\",\"inLanguage\":\"fr-FR\",\"@id\":\"https:\/\/adearlimousin.com\/#\/schema\/logo\/image\/\",\"url\":\"https:\/\/adearlimousin.com\/wp-content\/uploads\/2017\/04\/ADEARLimousin-RAP_V14cm.jpg\",\"contentUrl\":\"https:\/\/adearlimousin.com\/wp-content\/uploads\/2017\/04\/ADEARLimousin-RAP_V14cm.jpg\",\"width\":142,\"height\":118,\"caption\":\"Adear Limousin\"},\"image\":{\"@id\":\"https:\/\/adearlimousin.com\/#\/schema\/logo\/image\/\"},\"sameAs\":[\"https:\/\/www.facebook.com\/adearlimousin\"]},{\"@type\":\"Person\",\"@id\":\"https:\/\/adearlimousin.com\/#\/schema\/person\/4bb74e0bb3a7a85a5aaff17ff1e66915\",\"name\":\"Adearlim\",\"image\":{\"@type\":\"ImageObject\",\"inLanguage\":\"fr-FR\",\"@id\":\"https:\/\/adearlimousin.com\/#\/schema\/person\/image\/\",\"url\":\"https:\/\/secure.gravatar.com\/avatar\/b430ec7ba00b35d85d2ee0d6e5c02ad0bb6da2807681e933a2bc9f5a75dc7b21?s=96&d=mm&r=g\",\"contentUrl\":\"https:\/\/secure.gravatar.com\/avatar\/b430ec7ba00b35d85d2ee0d6e5c02ad0bb6da2807681e933a2bc9f5a75dc7b21?s=96&d=mm&r=g\",\"caption\":\"Adearlim\"},\"sameAs\":[\"www.facebook.com\/adearlimousin\"]}]}<\/script>\n<!-- \/ Yoast SEO plugin. -->","yoast_head_json":{"title":"Formation Viv\u00e9a : Augmentation des plafonds pour 2021 - ADEAR Limousin","robots":{"index":"index","follow":"follow","max-snippet":"max-snippet:-1","max-image-preview":"max-image-preview:large","max-video-preview":"max-video-preview:-1"},"canonical":"https:\/\/adearlimousin.com\/index.php\/2020\/12\/11\/formation-vivea-augmentation-des-plafonds-pour-2021\/","og_locale":"fr_FR","og_type":"article","og_title":"Formation Viv\u00e9a : Augmentation des plafonds pour 2021 - ADEAR Limousin","og_description":"Bonne nouvelle et belle victoire : Le fonds de formation Viv\u00e9a a d\u00e9cid\u00e9 de rehauss\u00e9 \u00e0 2250 euros le plafond annuel de formation pour les contributeurs (au lieu de 2 &hellip; Lire la suite Formation Viv\u00e9a : Augmentation des plafonds pour 2021","og_url":"https:\/\/adearlimousin.com\/index.php\/2020\/12\/11\/formation-vivea-augmentation-des-plafonds-pour-2021\/","og_site_name":"ADEAR Limousin","article_publisher":"https:\/\/www.facebook.com\/adearlimousin","article_author":"www.facebook.com\/adearlimousin","article_published_time":"2020-12-11T10:22:42+00:00","article_modified_time":"2021-03-08T15:45:08+00:00","og_image":[{"width":800,"height":420,"url":"https:\/\/adearlimousin.com\/wp-content\/uploads\/2020\/12\/LzvFMPuw1.png","type":"image\/png"}],"author":"Adearlim","twitter_card":"summary_large_image","twitter_misc":{"\u00c9crit par":"Adearlim","Dur\u00e9e de lecture estim\u00e9e":"2 minutes"},"schema":{"@context":"https:\/\/schema.org","@graph":[{"@type":"Article","@id":"https:\/\/adearlimousin.com\/index.php\/2020\/12\/11\/formation-vivea-augmentation-des-plafonds-pour-2021\/#article","isPartOf":{"@id":"https:\/\/adearlimousin.com\/index.php\/2020\/12\/11\/formation-vivea-augmentation-des-plafonds-pour-2021\/"},"author":{"name":"Adearlim","@id":"https:\/\/adearlimousin.com\/#\/schema\/person\/4bb74e0bb3a7a85a5aaff17ff1e66915"},"headline":"Formation Viv\u00e9a : Augmentation des plafonds pour 2021","datePublished":"2020-12-11T10:22:42+00:00","dateModified":"2021-03-08T15:45:08+00:00","mainEntityOfPage":{"@id":"https:\/\/adearlimousin.com\/index.php\/2020\/12\/11\/formation-vivea-augmentation-des-plafonds-pour-2021\/"},"wordCount":487,"publisher":{"@id":"https:\/\/adearlimousin.com\/#organization"},"image":{"@id":"https:\/\/adearlimousin.com\/index.php\/2020\/12\/11\/formation-vivea-augmentation-des-plafonds-pour-2021\/#primaryimage"},"thumbnailUrl":"https:\/\/adearlimousin.com\/wp-content\/uploads\/2020\/12\/LzvFMPuw1.png","articleSection":["Actus","Formation"],"inLanguage":"fr-FR"},{"@type":"WebPage","@id":"https:\/\/adearlimousin.com\/index.php\/2020\/12\/11\/formation-vivea-augmentation-des-plafonds-pour-2021\/","url":"https:\/\/adearlimousin.com\/index.php\/2020\/12\/11\/formation-vivea-augmentation-des-plafonds-pour-2021\/","name":"Formation Viv\u00e9a : Augmentation des plafonds pour 2021 - ADEAR Limousin","isPartOf":{"@id":"https:\/\/adearlimousin.com\/#website"},"primaryImageOfPage":{"@id":"https:\/\/adearlimousin.com\/index.php\/2020\/12\/11\/formation-vivea-augmentation-des-plafonds-pour-2021\/#primaryimage"},"image":{"@id":"https:\/\/adearlimousin.com\/index.php\/2020\/12\/11\/formation-vivea-augmentation-des-plafonds-pour-2021\/#primaryimage"},"thumbnailUrl":"https:\/\/adearlimousin.com\/wp-content\/uploads\/2020\/12\/LzvFMPuw1.png","datePublished":"2020-12-11T10:22:42+00:00","dateModified":"2021-03-08T15:45:08+00:00","breadcrumb":{"@id":"https:\/\/adearlimousin.com\/index.php\/2020\/12\/11\/formation-vivea-augmentation-des-plafonds-pour-2021\/#breadcrumb"},"inLanguage":"fr-FR","potentialAction":[{"@type":"ReadAction","target":["https:\/\/adearlimousin.com\/index.php\/2020\/12\/11\/formation-vivea-augmentation-des-plafonds-pour-2021\/"]}]},{"@type":"ImageObject","inLanguage":"fr-FR","@id":"https:\/\/adearlimousin.com\/index.php\/2020\/12\/11\/formation-vivea-augmentation-des-plafonds-pour-2021\/#primaryimage","url":"https:\/\/adearlimousin.com\/wp-content\/uploads\/2020\/12\/LzvFMPuw1.png","contentUrl":"https:\/\/adearlimousin.com\/wp-content\/uploads\/2020\/12\/LzvFMPuw1.png","width":800,"height":420},{"@type":"BreadcrumbList","@id":"https:\/\/adearlimousin.com\/index.php\/2020\/12\/11\/formation-vivea-augmentation-des-plafonds-pour-2021\/#breadcrumb","itemListElement":[{"@type":"ListItem","position":1,"name":"Accueil","item":"https:\/\/adearlimousin.com\/"},{"@type":"ListItem","position":2,"name":"Formation Viv\u00e9a : Augmentation des plafonds pour 2021"}]},{"@type":"WebSite","@id":"https:\/\/adearlimousin.com\/#website","url":"https:\/\/adearlimousin.com\/","name":"ADEAR Limousin","description":"\u00catre paysan\u00b7ne en Limousin","publisher":{"@id":"https:\/\/adearlimousin.com\/#organization"},"potentialAction":[{"@type":"SearchAction","target":{"@type":"EntryPoint","urlTemplate":"https:\/\/adearlimousin.com\/?s={search_term_string}"},"query-input":{"@type":"PropertyValueSpecification","valueRequired":true,"valueName":"search_term_string"}}],"inLanguage":"fr-FR"},{"@type":"Organization","@id":"https:\/\/adearlimousin.com\/#organization","name":"Adear Limousin","url":"https:\/\/adearlimousin.com\/","logo":{"@type":"ImageObject","inLanguage":"fr-FR","@id":"https:\/\/adearlimousin.com\/#\/schema\/logo\/image\/","url":"https:\/\/adearlimousin.com\/wp-content\/uploads\/2017\/04\/ADEARLimousin-RAP_V14cm.jpg","contentUrl":"https:\/\/adearlimousin.com\/wp-content\/uploads\/2017\/04\/ADEARLimousin-RAP_V14cm.jpg","width":142,"height":118,"caption":"Adear Limousin"},"image":{"@id":"https:\/\/adearlimousin.com\/#\/schema\/logo\/image\/"},"sameAs":["https:\/\/www.facebook.com\/adearlimousin"]},{"@type":"Person","@id":"https:\/\/adearlimousin.com\/#\/schema\/person\/4bb74e0bb3a7a85a5aaff17ff1e66915","name":"Adearlim","image":{"@type":"ImageObject","inLanguage":"fr-FR","@id":"https:\/\/adearlimousin.com\/#\/schema\/person\/image\/","url":"https:\/\/secure.gravatar.com\/avatar\/b430ec7ba00b35d85d2ee0d6e5c02ad0bb6da2807681e933a2bc9f5a75dc7b21?s=96&d=mm&r=g","contentUrl":"https:\/\/secure.gravatar.com\/avatar\/b430ec7ba00b35d85d2ee0d6e5c02ad0bb6da2807681e933a2bc9f5a75dc7b21?s=96&d=mm&r=g","caption":"Adearlim"},"sameAs":["www.facebook.com\/adearlimousin"]}]}},"jetpack_publicize_connections":[],"jetpack_featured_media_url":"","uagb_featured_image_src":{"full":false,"thumbnail":false,"medium":false,"medium_large":false,"large":false,"1536x1536":false,"2048x2048":false,"post-thumbnail":false,"sela-hero-thumbnail":false,"sela-page-thumbnail":false,"sela-grid-thumbnail":false,"sela-testimonial-thumbnail":false,"sela-logo":false},"uagb_author_info":{"display_name":"Adearlim","author_link":"https:\/\/adearlimousin.com\/index.php\/author\/admin3869\/"},"uagb_comment_info":0,"uagb_excerpt":"Bonne nouvelle et belle victoire : Le fonds de formation Viv\u00e9a a d\u00e9cid\u00e9 de rehauss\u00e9 \u00e0 2250 euros le plafond annuel de formation pour les contributeurs (au lieu de 2 &hellip; Lire la suite Formation Viv\u00e9a : Augmentation des plafonds pour 2021","jetpack_sharing_enabled":true,"jetpack_shortlink":"https:\/\/wp.me\/p8DPFj-1a3","jetpack_likes_enabled":false,"_links":{"self":[{"href":"https:\/\/adearlimousin.com\/index.php\/wp-json\/wp\/v2\/posts\/4467","targetHints":{"allow":["GET"]}}],"collection":[{"href":"https:\/\/adearlimousin.com\/index.php\/wp-json\/wp\/v2\/posts"}],"about":[{"href":"https:\/\/adearlimousin.com\/index.php\/wp-json\/wp\/v2\/types\/post"}],"author":[{"embeddable":true,"href":"https:\/\/adearlimousin.com\/index.php\/wp-json\/wp\/v2\/users\/1"}],"replies":[{"embeddable":true,"href":"https:\/\/adearlimousin.com\/index.php\/wp-json\/wp\/v2\/comments?post=4467"}],"version-history":[{"count":2,"href":"https:\/\/adearlimousin.com\/index.php\/wp-json\/wp\/v2\/posts\/4467\/revisions"}],"predecessor-version":[{"id":4470,"href":"https:\/\/adearlimousin.com\/index.php\/wp-json\/wp\/v2\/posts\/4467\/revisions\/4470"}],"wp:attachment":[{"href":"https:\/\/adearlimousin.com\/index.php\/wp-json\/wp\/v2\/media?parent=4467"}],"wp:term":[{"taxonomy":"category","embeddable":true,"href":"https:\/\/adearlimousin.com\/index.php\/wp-json\/wp\/v2\/categories?post=4467"},{"taxonomy":"post_tag","embeddable":true,"href":"https:\/\/adearlimousin.com\/index.php\/wp-json\/wp\/v2\/tags?post=4467"}],"curies":[{"name":"wp","href":"https:\/\/api.w.org\/{rel}","templated":true}]}}