{"id":4672,"date":"2021-03-01T18:20:24","date_gmt":"2021-03-01T17:20:24","guid":{"rendered":"https:\/\/adearlimousin.com\/?p=4672"},"modified":"2021-03-08T16:42:58","modified_gmt":"2021-03-08T15:42:58","slug":"lagriculture-paysanne-a-lhonneur-dans-les-media","status":"publish","type":"post","link":"https:\/\/adearlimousin.com\/index.php\/2021\/03\/01\/lagriculture-paysanne-a-lhonneur-dans-les-media\/","title":{"rendered":"L&rsquo;Agriculture Paysanne \u00e0 l&rsquo;honneur dans les m\u00e9dia !"},"content":{"rendered":"\n<p><strong>Nos administrateurs et les paysans du r\u00e9seau se sont boug\u00e9s pour promouvoir et d\u00e9fendre les valeurs de l&rsquo;agriculture paysanne :<\/strong><\/p>\n\n\n\n<p>>><strong> Matthieu G\u00e9rardin<\/strong> parle de l&rsquo;Agriculture Paysanne et de l&rsquo;Adear  au 18h30 de France 3 Nouvelle-Aquitaine ce vendredi 26\/02 &#8211; <strong> <a aria-label=\"undefined (s\u2019ouvre dans un nouvel onglet)\" href=\"https:\/\/france3-regions.francetvinfo.fr\/nouvelle-aquitaine\/emissions\/18h30-nouvelle-aquitaine?fbclid=IwAR0OjIOaGUpaGr4KQsOdIemrZHuyLcD1UR9SxhdlzmusuKJNsfmnVedDwTY\" target=\"_blank\" rel=\"noreferrer noopener\">\u00e0 voir ici.<\/a><\/strong><\/p>\n\n\n\n<p>>>  <strong>Jean-Claude Jobard et Thomas Gibert <\/strong>parlent de l&rsquo;installation et de l&rsquo;acc\u00e8s au foncier dans l&rsquo;\u00e9mission ensemble c&rsquo;est mieux sur France 3 (lundi 1er\/03) &#8211;<strong> <a aria-label=\"undefined (s\u2019ouvre dans un nouvel onglet)\" href=\"https:\/\/france3-regions.francetvinfo.fr\/nouvelle-aquitaine\/emissions\/ensemble-c-est-mieux\" target=\"_blank\" rel=\"noreferrer noopener\">\u00e0 regarder ici.<\/a><\/strong><\/p>\n\n\n\n<p>&gt;&gt;  Pas de Salon de l&rsquo;Agriculture \u00e0 Paris cette ann\u00e9e ? Les paysans de la Conf\u00e9d\u00e9ration Paysanne ouvrent leur ferme aux visiteurs avec le \u00ab\u00a0<strong>Salon \u00e0 la ferme<\/strong>\u00a0\u00bb : Philippe &amp; Jo\u00eblle Auvillain (les ch\u00e2taigniers \u00e0 M\u00e9asnes) en lien <a aria-label=\"undefined (s\u2019ouvre dans un nouvel onglet)\" href=\"https:\/\/www.francebleu.fr\/infos\/agriculture-peche\/rendez-vous-a-la-ferme-1614413314?utm_medium=Social&amp;utm_source=Facebook&amp;fbclid=IwAR2RTps_0EDTDHGR5FOATsuAFzd2mmBxGaBMMyxIV78-OsSZAvsyqXhVghU#Echobox=1614478402\" target=\"_blank\" rel=\"noreferrer noopener\">ici <\/a>et C\u00e9cile Maisonnier (les Sabots de laines \u00e0 Saint-Hilaire-Bonneval) \u00e0 lire <a aria-label=\"undefined (s\u2019ouvre dans un nouvel onglet)\" href=\"https:\/\/www.lepopulaire.fr\/saint-hilaire-bonneval-87260\/loisirs\/en-haute-vienne-l-exploitation-les-sabots-de-laine-s-ouvre-au-public-a-l-occasion-du-salon-a-la-ferme_13921119\/\" target=\"_blank\" rel=\"noreferrer noopener\">ici<\/a> ou en image <a aria-label=\"undefined (s\u2019ouvre dans un nouvel onglet)\" href=\"https:\/\/www.youtube.com\/watch?reload=9&amp;v=2TgppfAdn-c&amp;feature=youtu.be\" target=\"_blank\" rel=\"noreferrer noopener\">ici<\/a>.<\/p>\n\n\n\n<p>&gt;&gt; <strong>La Conf\u00e9d\u00e9ration Paysanne lance plusieurs actions pour protester contre le non respect de la loi EGAlim <\/strong>et demander la mise en place d&rsquo;outils de r\u00e9gulation publics des marges pour la grande distribution. La revue de presse concernant l&rsquo;action de vendredi dernier c&rsquo;est ici : <a aria-label=\"undefined (s\u2019ouvre dans un nouvel onglet)\" href=\"https:\/\/www.facebook.com\/watch\/?v=446210380158121\" target=\"_blank\" rel=\"noreferrer noopener\">Vid\u00e9o de la CP87<\/a>  \u00e0 partager largement , France 3 R\u00e9gion un <a href=\"https:\/\/france3-regions.francetvinfo.fr\/nouvelle-aquitaine\/limoges-les-agriculteurs-manifestent-en-attendant-la-venue-des-ministres-1973785.html\" target=\"_blank\" rel=\"noreferrer noopener\">Article<\/a> et une <a href=\"https:\/\/france3-regions.francetvinfo.fr\/emissions\/jt-1213-limousin\" target=\"_blank\" rel=\"noreferrer noopener\">Vid\u00e9o<\/a> (\u00e0 partir de 9&rsquo;38\u00a0\u00bb) , <a aria-label=\"undefined (s\u2019ouvre dans un nouvel onglet)\" href=\"https:\/\/www.francebleu.fr\/infos\/agriculture-peche\/boisseuil-des-agriculteurs-manifestent-devant-une-grande-surface-un-veau-en-resine-pris-en-otage-1614344483\" target=\"_blank\" rel=\"noreferrer noopener\">France Bleue<\/a>,  le <a aria-label=\"undefined (s\u2019ouvre dans un nouvel onglet)\" href=\"https:\/\/www.lepopulaire.fr\/boisseuil-87220\/actualites\/des-agriculteurs-de-haute-vienne-manifestent-ce-vendredi-a-boisseuil_13920648\/\" target=\"_blank\" rel=\"noreferrer noopener\">Populaire<\/a>, et <a aria-label=\"undefined (s\u2019ouvre dans un nouvel onglet)\" href=\"https:\/\/www.alouette.fr\/news\/un-veau-en-resine-pris-en-otage-en-haute-vienne-10748\" target=\"_blank\" rel=\"noreferrer noopener\">Radio Alouette<\/a>.<\/p>\n\n\n\n<p> <\/p>\n","protected":false},"excerpt":{"rendered":"<p>Nos administrateurs et les paysans du r\u00e9seau se sont boug\u00e9s pour promouvoir et d\u00e9fendre les valeurs de l&rsquo;agriculture paysanne : >> Matthieu G\u00e9rardin parle de l&rsquo;Agriculture Paysanne et de l&rsquo;Adear &hellip; <a href=\"https:\/\/adearlimousin.com\/index.php\/2021\/03\/01\/lagriculture-paysanne-a-lhonneur-dans-les-media\/\" class=\"more-link\">Lire la suite <span class=\"screen-reader-text\">L&rsquo;Agriculture Paysanne \u00e0 l&rsquo;honneur dans les m\u00e9dia !<\/span><\/a><\/p>\n","protected":false},"author":1,"featured_media":0,"comment_status":"closed","ping_status":"open","sticky":false,"template":"","format":"standard","meta":{"_uag_custom_page_level_css":"","_EventAllDay":false,"_EventTimezone":"","_EventStartDate":"","_EventEndDate":"","_EventStartDateUTC":"","_EventEndDateUTC":"","_EventShowMap":false,"_EventShowMapLink":false,"_EventURL":"","_EventCost":"","_EventCostDescription":"","_EventCurrencySymbol":"","_EventCurrencyCode":"","_EventCurrencyPosition":"","_EventDateTimeSeparator":"","_EventTimeRangeSeparator":"","_EventOrganizerID":[],"_EventVenueID":[],"_OrganizerEmail":"","_OrganizerPhone":"","_OrganizerWebsite":"","_VenueAddress":"","_VenueCity":"","_VenueCountry":"","_VenueProvince":"","_VenueState":"","_VenueZip":"","_VenuePhone":"","_VenueURL":"","_VenueStateProvince":"","_VenueLat":"","_VenueLng":"","_VenueShowMap":false,"_VenueShowMapLink":false,"_jetpack_memberships_contains_paid_content":false,"footnotes":"","jetpack_publicize_message":"","jetpack_publicize_feature_enabled":true,"jetpack_social_post_already_shared":true,"jetpack_social_options":{"image_generator_settings":{"template":"highway","default_image_id":0,"font":"","enabled":false},"version":2}},"categories":[2],"tags":[],"class_list":["post-4672","post","type-post","status-publish","format-standard","hentry","category-actus","without-featured-image"],"yoast_head":"<!-- This site is optimized with the Yoast SEO plugin v27.1.1 - https:\/\/yoast.com\/product\/yoast-seo-wordpress\/ -->\n<title>L&#039;Agriculture Paysanne \u00e0 l&#039;honneur dans les m\u00e9dia ! - ADEAR Limousin<\/title>\n<meta name=\"robots\" content=\"index, follow, max-snippet:-1, max-image-preview:large, max-video-preview:-1\" \/>\n<link rel=\"canonical\" href=\"https:\/\/adearlimousin.com\/index.php\/2021\/03\/01\/lagriculture-paysanne-a-lhonneur-dans-les-media\/\" \/>\n<meta property=\"og:locale\" content=\"fr_FR\" \/>\n<meta property=\"og:type\" content=\"article\" \/>\n<meta property=\"og:title\" content=\"L&#039;Agriculture Paysanne \u00e0 l&#039;honneur dans les m\u00e9dia ! - ADEAR Limousin\" \/>\n<meta property=\"og:description\" content=\"Nos administrateurs et les paysans du r\u00e9seau se sont boug\u00e9s pour promouvoir et d\u00e9fendre les valeurs de l&rsquo;agriculture paysanne : &gt;&gt; Matthieu G\u00e9rardin parle de l&rsquo;Agriculture Paysanne et de l&rsquo;Adear &hellip; Lire la suite L&rsquo;Agriculture Paysanne \u00e0 l&rsquo;honneur dans les m\u00e9dia !\" \/>\n<meta property=\"og:url\" content=\"https:\/\/adearlimousin.com\/index.php\/2021\/03\/01\/lagriculture-paysanne-a-lhonneur-dans-les-media\/\" \/>\n<meta property=\"og:site_name\" content=\"ADEAR Limousin\" \/>\n<meta property=\"article:publisher\" content=\"https:\/\/www.facebook.com\/adearlimousin\" \/>\n<meta property=\"article:author\" content=\"www.facebook.com\/adearlimousin\" \/>\n<meta property=\"article:published_time\" content=\"2021-03-01T17:20:24+00:00\" \/>\n<meta property=\"article:modified_time\" content=\"2021-03-08T15:42:58+00:00\" \/>\n<meta property=\"og:image\" content=\"https:\/\/adearlimousin.com\/wp-content\/uploads\/2017\/04\/ADEARLimousin-RAP_V14cm.jpg\" \/>\n\t<meta property=\"og:image:width\" content=\"142\" \/>\n\t<meta property=\"og:image:height\" content=\"118\" \/>\n\t<meta property=\"og:image:type\" content=\"image\/jpeg\" \/>\n<meta name=\"author\" content=\"Adearlim\" \/>\n<meta name=\"twitter:card\" content=\"summary_large_image\" \/>\n<meta name=\"twitter:label1\" content=\"\u00c9crit par\" \/>\n\t<meta name=\"twitter:data1\" content=\"Adearlim\" \/>\n\t<meta name=\"twitter:label2\" content=\"Dur\u00e9e de lecture estim\u00e9e\" \/>\n\t<meta name=\"twitter:data2\" content=\"1 minute\" \/>\n<script type=\"application\/ld+json\" class=\"yoast-schema-graph\">{\"@context\":\"https:\/\/schema.org\",\"@graph\":[{\"@type\":\"Article\",\"@id\":\"https:\/\/adearlimousin.com\/index.php\/2021\/03\/01\/lagriculture-paysanne-a-lhonneur-dans-les-media\/#article\",\"isPartOf\":{\"@id\":\"https:\/\/adearlimousin.com\/index.php\/2021\/03\/01\/lagriculture-paysanne-a-lhonneur-dans-les-media\/\"},\"author\":{\"name\":\"Adearlim\",\"@id\":\"https:\/\/adearlimousin.com\/#\/schema\/person\/4bb74e0bb3a7a85a5aaff17ff1e66915\"},\"headline\":\"L&rsquo;Agriculture Paysanne \u00e0 l&rsquo;honneur dans les m\u00e9dia !\",\"datePublished\":\"2021-03-01T17:20:24+00:00\",\"dateModified\":\"2021-03-08T15:42:58+00:00\",\"mainEntityOfPage\":{\"@id\":\"https:\/\/adearlimousin.com\/index.php\/2021\/03\/01\/lagriculture-paysanne-a-lhonneur-dans-les-media\/\"},\"wordCount\":208,\"publisher\":{\"@id\":\"https:\/\/adearlimousin.com\/#organization\"},\"articleSection\":[\"Actus\"],\"inLanguage\":\"fr-FR\"},{\"@type\":\"WebPage\",\"@id\":\"https:\/\/adearlimousin.com\/index.php\/2021\/03\/01\/lagriculture-paysanne-a-lhonneur-dans-les-media\/\",\"url\":\"https:\/\/adearlimousin.com\/index.php\/2021\/03\/01\/lagriculture-paysanne-a-lhonneur-dans-les-media\/\",\"name\":\"L'Agriculture Paysanne \u00e0 l'honneur dans les m\u00e9dia ! - ADEAR Limousin\",\"isPartOf\":{\"@id\":\"https:\/\/adearlimousin.com\/#website\"},\"datePublished\":\"2021-03-01T17:20:24+00:00\",\"dateModified\":\"2021-03-08T15:42:58+00:00\",\"breadcrumb\":{\"@id\":\"https:\/\/adearlimousin.com\/index.php\/2021\/03\/01\/lagriculture-paysanne-a-lhonneur-dans-les-media\/#breadcrumb\"},\"inLanguage\":\"fr-FR\",\"potentialAction\":[{\"@type\":\"ReadAction\",\"target\":[\"https:\/\/adearlimousin.com\/index.php\/2021\/03\/01\/lagriculture-paysanne-a-lhonneur-dans-les-media\/\"]}]},{\"@type\":\"BreadcrumbList\",\"@id\":\"https:\/\/adearlimousin.com\/index.php\/2021\/03\/01\/lagriculture-paysanne-a-lhonneur-dans-les-media\/#breadcrumb\",\"itemListElement\":[{\"@type\":\"ListItem\",\"position\":1,\"name\":\"Accueil\",\"item\":\"https:\/\/adearlimousin.com\/\"},{\"@type\":\"ListItem\",\"position\":2,\"name\":\"L&rsquo;Agriculture Paysanne \u00e0 l&rsquo;honneur dans les m\u00e9dia !\"}]},{\"@type\":\"WebSite\",\"@id\":\"https:\/\/adearlimousin.com\/#website\",\"url\":\"https:\/\/adearlimousin.com\/\",\"name\":\"ADEAR Limousin\",\"description\":\"\u00catre paysan\u00b7ne en Limousin\",\"publisher\":{\"@id\":\"https:\/\/adearlimousin.com\/#organization\"},\"potentialAction\":[{\"@type\":\"SearchAction\",\"target\":{\"@type\":\"EntryPoint\",\"urlTemplate\":\"https:\/\/adearlimousin.com\/?s={search_term_string}\"},\"query-input\":{\"@type\":\"PropertyValueSpecification\",\"valueRequired\":true,\"valueName\":\"search_term_string\"}}],\"inLanguage\":\"fr-FR\"},{\"@type\":\"Organization\",\"@id\":\"https:\/\/adearlimousin.com\/#organization\",\"name\":\"Adear Limousin\",\"url\":\"https:\/\/adearlimousin.com\/\",\"logo\":{\"@type\":\"ImageObject\",\"inLanguage\":\"fr-FR\",\"@id\":\"https:\/\/adearlimousin.com\/#\/schema\/logo\/image\/\",\"url\":\"https:\/\/adearlimousin.com\/wp-content\/uploads\/2017\/04\/ADEARLimousin-RAP_V14cm.jpg\",\"contentUrl\":\"https:\/\/adearlimousin.com\/wp-content\/uploads\/2017\/04\/ADEARLimousin-RAP_V14cm.jpg\",\"width\":142,\"height\":118,\"caption\":\"Adear Limousin\"},\"image\":{\"@id\":\"https:\/\/adearlimousin.com\/#\/schema\/logo\/image\/\"},\"sameAs\":[\"https:\/\/www.facebook.com\/adearlimousin\"]},{\"@type\":\"Person\",\"@id\":\"https:\/\/adearlimousin.com\/#\/schema\/person\/4bb74e0bb3a7a85a5aaff17ff1e66915\",\"name\":\"Adearlim\",\"image\":{\"@type\":\"ImageObject\",\"inLanguage\":\"fr-FR\",\"@id\":\"https:\/\/adearlimousin.com\/#\/schema\/person\/image\/\",\"url\":\"https:\/\/secure.gravatar.com\/avatar\/b430ec7ba00b35d85d2ee0d6e5c02ad0bb6da2807681e933a2bc9f5a75dc7b21?s=96&d=mm&r=g\",\"contentUrl\":\"https:\/\/secure.gravatar.com\/avatar\/b430ec7ba00b35d85d2ee0d6e5c02ad0bb6da2807681e933a2bc9f5a75dc7b21?s=96&d=mm&r=g\",\"caption\":\"Adearlim\"},\"sameAs\":[\"www.facebook.com\/adearlimousin\"]}]}<\/script>\n<!-- \/ Yoast SEO plugin. -->","yoast_head_json":{"title":"L'Agriculture Paysanne \u00e0 l'honneur dans les m\u00e9dia ! - ADEAR Limousin","robots":{"index":"index","follow":"follow","max-snippet":"max-snippet:-1","max-image-preview":"max-image-preview:large","max-video-preview":"max-video-preview:-1"},"canonical":"https:\/\/adearlimousin.com\/index.php\/2021\/03\/01\/lagriculture-paysanne-a-lhonneur-dans-les-media\/","og_locale":"fr_FR","og_type":"article","og_title":"L'Agriculture Paysanne \u00e0 l'honneur dans les m\u00e9dia ! - ADEAR Limousin","og_description":"Nos administrateurs et les paysans du r\u00e9seau se sont boug\u00e9s pour promouvoir et d\u00e9fendre les valeurs de l&rsquo;agriculture paysanne : >> Matthieu G\u00e9rardin parle de l&rsquo;Agriculture Paysanne et de l&rsquo;Adear &hellip; Lire la suite L&rsquo;Agriculture Paysanne \u00e0 l&rsquo;honneur dans les m\u00e9dia !","og_url":"https:\/\/adearlimousin.com\/index.php\/2021\/03\/01\/lagriculture-paysanne-a-lhonneur-dans-les-media\/","og_site_name":"ADEAR Limousin","article_publisher":"https:\/\/www.facebook.com\/adearlimousin","article_author":"www.facebook.com\/adearlimousin","article_published_time":"2021-03-01T17:20:24+00:00","article_modified_time":"2021-03-08T15:42:58+00:00","og_image":[{"width":142,"height":118,"url":"https:\/\/adearlimousin.com\/wp-content\/uploads\/2017\/04\/ADEARLimousin-RAP_V14cm.jpg","type":"image\/jpeg"}],"author":"Adearlim","twitter_card":"summary_large_image","twitter_misc":{"\u00c9crit par":"Adearlim","Dur\u00e9e de lecture estim\u00e9e":"1 minute"},"schema":{"@context":"https:\/\/schema.org","@graph":[{"@type":"Article","@id":"https:\/\/adearlimousin.com\/index.php\/2021\/03\/01\/lagriculture-paysanne-a-lhonneur-dans-les-media\/#article","isPartOf":{"@id":"https:\/\/adearlimousin.com\/index.php\/2021\/03\/01\/lagriculture-paysanne-a-lhonneur-dans-les-media\/"},"author":{"name":"Adearlim","@id":"https:\/\/adearlimousin.com\/#\/schema\/person\/4bb74e0bb3a7a85a5aaff17ff1e66915"},"headline":"L&rsquo;Agriculture Paysanne \u00e0 l&rsquo;honneur dans les m\u00e9dia !","datePublished":"2021-03-01T17:20:24+00:00","dateModified":"2021-03-08T15:42:58+00:00","mainEntityOfPage":{"@id":"https:\/\/adearlimousin.com\/index.php\/2021\/03\/01\/lagriculture-paysanne-a-lhonneur-dans-les-media\/"},"wordCount":208,"publisher":{"@id":"https:\/\/adearlimousin.com\/#organization"},"articleSection":["Actus"],"inLanguage":"fr-FR"},{"@type":"WebPage","@id":"https:\/\/adearlimousin.com\/index.php\/2021\/03\/01\/lagriculture-paysanne-a-lhonneur-dans-les-media\/","url":"https:\/\/adearlimousin.com\/index.php\/2021\/03\/01\/lagriculture-paysanne-a-lhonneur-dans-les-media\/","name":"L'Agriculture Paysanne \u00e0 l'honneur dans les m\u00e9dia ! - ADEAR Limousin","isPartOf":{"@id":"https:\/\/adearlimousin.com\/#website"},"datePublished":"2021-03-01T17:20:24+00:00","dateModified":"2021-03-08T15:42:58+00:00","breadcrumb":{"@id":"https:\/\/adearlimousin.com\/index.php\/2021\/03\/01\/lagriculture-paysanne-a-lhonneur-dans-les-media\/#breadcrumb"},"inLanguage":"fr-FR","potentialAction":[{"@type":"ReadAction","target":["https:\/\/adearlimousin.com\/index.php\/2021\/03\/01\/lagriculture-paysanne-a-lhonneur-dans-les-media\/"]}]},{"@type":"BreadcrumbList","@id":"https:\/\/adearlimousin.com\/index.php\/2021\/03\/01\/lagriculture-paysanne-a-lhonneur-dans-les-media\/#breadcrumb","itemListElement":[{"@type":"ListItem","position":1,"name":"Accueil","item":"https:\/\/adearlimousin.com\/"},{"@type":"ListItem","position":2,"name":"L&rsquo;Agriculture Paysanne \u00e0 l&rsquo;honneur dans les m\u00e9dia !"}]},{"@type":"WebSite","@id":"https:\/\/adearlimousin.com\/#website","url":"https:\/\/adearlimousin.com\/","name":"ADEAR Limousin","description":"\u00catre paysan\u00b7ne en Limousin","publisher":{"@id":"https:\/\/adearlimousin.com\/#organization"},"potentialAction":[{"@type":"SearchAction","target":{"@type":"EntryPoint","urlTemplate":"https:\/\/adearlimousin.com\/?s={search_term_string}"},"query-input":{"@type":"PropertyValueSpecification","valueRequired":true,"valueName":"search_term_string"}}],"inLanguage":"fr-FR"},{"@type":"Organization","@id":"https:\/\/adearlimousin.com\/#organization","name":"Adear Limousin","url":"https:\/\/adearlimousin.com\/","logo":{"@type":"ImageObject","inLanguage":"fr-FR","@id":"https:\/\/adearlimousin.com\/#\/schema\/logo\/image\/","url":"https:\/\/adearlimousin.com\/wp-content\/uploads\/2017\/04\/ADEARLimousin-RAP_V14cm.jpg","contentUrl":"https:\/\/adearlimousin.com\/wp-content\/uploads\/2017\/04\/ADEARLimousin-RAP_V14cm.jpg","width":142,"height":118,"caption":"Adear Limousin"},"image":{"@id":"https:\/\/adearlimousin.com\/#\/schema\/logo\/image\/"},"sameAs":["https:\/\/www.facebook.com\/adearlimousin"]},{"@type":"Person","@id":"https:\/\/adearlimousin.com\/#\/schema\/person\/4bb74e0bb3a7a85a5aaff17ff1e66915","name":"Adearlim","image":{"@type":"ImageObject","inLanguage":"fr-FR","@id":"https:\/\/adearlimousin.com\/#\/schema\/person\/image\/","url":"https:\/\/secure.gravatar.com\/avatar\/b430ec7ba00b35d85d2ee0d6e5c02ad0bb6da2807681e933a2bc9f5a75dc7b21?s=96&d=mm&r=g","contentUrl":"https:\/\/secure.gravatar.com\/avatar\/b430ec7ba00b35d85d2ee0d6e5c02ad0bb6da2807681e933a2bc9f5a75dc7b21?s=96&d=mm&r=g","caption":"Adearlim"},"sameAs":["www.facebook.com\/adearlimousin"]}]}},"jetpack_publicize_connections":[],"jetpack_featured_media_url":"","uagb_featured_image_src":{"full":false,"thumbnail":false,"medium":false,"medium_large":false,"large":false,"1536x1536":false,"2048x2048":false,"post-thumbnail":false,"sela-hero-thumbnail":false,"sela-page-thumbnail":false,"sela-grid-thumbnail":false,"sela-testimonial-thumbnail":false,"sela-logo":false},"uagb_author_info":{"display_name":"Adearlim","author_link":"https:\/\/adearlimousin.com\/index.php\/author\/admin3869\/"},"uagb_comment_info":0,"uagb_excerpt":"Nos administrateurs et les paysans du r\u00e9seau se sont boug\u00e9s pour promouvoir et d\u00e9fendre les valeurs de l&rsquo;agriculture paysanne : >> Matthieu G\u00e9rardin parle de l&rsquo;Agriculture Paysanne et de l&rsquo;Adear &hellip; Lire la suite L&rsquo;Agriculture Paysanne \u00e0 l&rsquo;honneur dans les m\u00e9dia !","jetpack_sharing_enabled":true,"jetpack_shortlink":"https:\/\/wp.me\/p8DPFj-1dm","jetpack_likes_enabled":false,"_links":{"self":[{"href":"https:\/\/adearlimousin.com\/index.php\/wp-json\/wp\/v2\/posts\/4672","targetHints":{"allow":["GET"]}}],"collection":[{"href":"https:\/\/adearlimousin.com\/index.php\/wp-json\/wp\/v2\/posts"}],"about":[{"href":"https:\/\/adearlimousin.com\/index.php\/wp-json\/wp\/v2\/types\/post"}],"author":[{"embeddable":true,"href":"https:\/\/adearlimousin.com\/index.php\/wp-json\/wp\/v2\/users\/1"}],"replies":[{"embeddable":true,"href":"https:\/\/adearlimousin.com\/index.php\/wp-json\/wp\/v2\/comments?post=4672"}],"version-history":[{"count":3,"href":"https:\/\/adearlimousin.com\/index.php\/wp-json\/wp\/v2\/posts\/4672\/revisions"}],"predecessor-version":[{"id":4675,"href":"https:\/\/adearlimousin.com\/index.php\/wp-json\/wp\/v2\/posts\/4672\/revisions\/4675"}],"wp:attachment":[{"href":"https:\/\/adearlimousin.com\/index.php\/wp-json\/wp\/v2\/media?parent=4672"}],"wp:term":[{"taxonomy":"category","embeddable":true,"href":"https:\/\/adearlimousin.com\/index.php\/wp-json\/wp\/v2\/categories?post=4672"},{"taxonomy":"post_tag","embeddable":true,"href":"https:\/\/adearlimousin.com\/index.php\/wp-json\/wp\/v2\/tags?post=4672"}],"curies":[{"name":"wp","href":"https:\/\/api.w.org\/{rel}","templated":true}]}}