{"id":4814,"date":"2021-03-10T12:06:36","date_gmt":"2021-03-10T11:06:36","guid":{"rendered":"https:\/\/adearlimousin.com\/?p=4814"},"modified":"2021-03-10T12:06:39","modified_gmt":"2021-03-10T11:06:39","slug":"femmes-et-paysannes","status":"publish","type":"post","link":"https:\/\/adearlimousin.com\/index.php\/2021\/03\/10\/femmes-et-paysannes\/","title":{"rendered":"Femmes et paysannes"},"content":{"rendered":"\n<p><img loading=\"lazy\" decoding=\"async\" width=\"16\" height=\"16\" alt=\"\ud83d\udc69\u200d\ud83c\udf3e\" src=\"https:\/\/static.xx.fbcdn.net\/images\/emoji.php\/v9\/t9\/1\/16\/1f469_200d_1f33e.png\"> Chaque ann\u00e9e, parmi les 13 000 nouveaux agriculteur.ice.s qui s\u2019installent dans les campagnes fran\u00e7aises, 37 % sont des femmes. Des trentenaires, combattantes et innovantes qui font \u00e9voluer les pratiques agricoles, dans un monde encore tr\u00e8s masculin.<\/p>\n\n\n\n<p>2 jours apr\u00e8s la journ\u00e9e de la femme, il est encore temps de vous partager des ressources int\u00e9ressantes sur le sujet !<br><br>\ud83c\udf40L&rsquo;\u00e9tude pilot\u00e9e par la Fadear \u00ab Femmes paysannes : s\u2019installer en agriculture, freins et leviers \u00bb <br>Profils, parcours, obstacles, soutiens, financements, accompagnement\u2026 Une nouvelle enqu\u00eate d\u00e9taille les exp\u00e9riences singuli\u00e8res des femmes qui s\u2019installent.<br>A t\u00e9l\u00e9charger ici : <a href=\"http:\/\/www.agriculturepaysanne.org\/files\/Enquete-femmes-paysannes-installation.pdf\" target=\"_blank\" rel=\"noreferrer noopener\">http:\/\/www.agriculturepaysanne.org\/files\/Enquete-femmes-paysannes-installation.pdf<\/a><\/p>\n\n\n\n<p> \ud83c\udf40Le Guide de l&rsquo;Adear des Hautes-Alpes \u00ab Devenir paysanne : guide sur l\u2019installation au f\u00e9minin \u00bb <br>A voir ici : h<a href=\"\/\/www.confederationpaysanne.fr\/extra\/pdf_global\/DevenirPaysanne-GuideSurlInstallationAuFeminin.pdf\" target=\"_blank\" rel=\"noreferrer noopener\">ttps:\/\/www.confederationpaysanne.fr\/extra\/pdf_global\/DevenirPaysanne-GuideSurlInstallationAuFeminin.pdf<\/a><\/p>\n\n\n\n<p><img loading=\"lazy\" decoding=\"async\" width=\"16\" height=\"16\" alt=\"\ud83c\udf40\" src=\"https:\/\/static.xx.fbcdn.net\/images\/emoji.php\/v9\/t87\/1\/16\/1f340.png\"> Un int\u00e9ressant article qui met en perspective les in\u00e9galit\u00e9s homme\/femme dans le monde agricole : <br><a href=\"https:\/\/www.agrobiosciences.org\/agriculture-115\/article\/les-femmes-avenir-de-l-agriculture-francaise?fbclid=IwAR0NUgIiKEDhD-NCPM-h4hrxgTQjmjij_Btlo12BK0fUF1MVMgQbSlip33Y#.X7YlvlDjI2w\" target=\"_blank\" rel=\"noreferrer noopener\">https:\/\/www.agrobiosciences.org\/agriculture-115\/article\/les-femmes-avenir-de-l-agriculture-francaise?fbclid=IwAR0NUgIiKEDhD-NCPM-h4hrxgTQjmjij_Btlo12BK0fUF1MVMgQbSlip33Y#.X7YlvlDjI2w<\/a><\/p>\n\n\n\n<figure class=\"wp-block-image size-large\"><img loading=\"lazy\" decoding=\"async\" width=\"613\" height=\"850\" src=\"https:\/\/adearlimousin.com\/wp-content\/uploads\/2021\/03\/femmespaysannes.png\" alt=\"\" class=\"wp-image-4815\" srcset=\"https:\/\/adearlimousin.com\/wp-content\/uploads\/2021\/03\/femmespaysannes.png 613w, https:\/\/adearlimousin.com\/wp-content\/uploads\/2021\/03\/femmespaysannes-216x300.png 216w, https:\/\/adearlimousin.com\/wp-content\/uploads\/2021\/03\/femmespaysannes-274x380.png 274w\" sizes=\"auto, (max-width: 613px) 100vw, 613px\" \/><\/figure>\n\n\n\n<p><\/p>\n\n\n\n<p><\/p>\n","protected":false},"excerpt":{"rendered":"<p>Chaque ann\u00e9e, parmi les 13 000 nouveaux agriculteur.ice.s qui s\u2019installent dans les campagnes fran\u00e7aises, 37 % sont des femmes. Des trentenaires, combattantes et innovantes qui font \u00e9voluer les pratiques agricoles, &hellip; <a href=\"https:\/\/adearlimousin.com\/index.php\/2021\/03\/10\/femmes-et-paysannes\/\" class=\"more-link\">Lire la suite <span class=\"screen-reader-text\">Femmes et paysannes<\/span><\/a><\/p>\n","protected":false},"author":1,"featured_media":4815,"comment_status":"closed","ping_status":"open","sticky":false,"template":"","format":"standard","meta":{"_uag_custom_page_level_css":"","_EventAllDay":false,"_EventTimezone":"","_EventStartDate":"","_EventEndDate":"","_EventStartDateUTC":"","_EventEndDateUTC":"","_EventShowMap":false,"_EventShowMapLink":false,"_EventURL":"","_EventCost":"","_EventCostDescription":"","_EventCurrencySymbol":"","_EventCurrencyCode":"","_EventCurrencyPosition":"","_EventDateTimeSeparator":"","_EventTimeRangeSeparator":"","_EventOrganizerID":[],"_EventVenueID":[],"_OrganizerEmail":"","_OrganizerPhone":"","_OrganizerWebsite":"","_VenueAddress":"","_VenueCity":"","_VenueCountry":"","_VenueProvince":"","_VenueState":"","_VenueZip":"","_VenuePhone":"","_VenueURL":"","_VenueStateProvince":"","_VenueLat":"","_VenueLng":"","_VenueShowMap":false,"_VenueShowMapLink":false,"_jetpack_memberships_contains_paid_content":false,"footnotes":"","jetpack_publicize_message":"","jetpack_publicize_feature_enabled":true,"jetpack_social_post_already_shared":true,"jetpack_social_options":{"image_generator_settings":{"template":"highway","default_image_id":0,"font":"","enabled":false},"version":2}},"categories":[1],"tags":[],"class_list":["post-4814","post","type-post","status-publish","format-standard","has-post-thumbnail","hentry","category-non-classe","with-featured-image"],"yoast_head":"<!-- This site is optimized with the Yoast SEO plugin v27.1.1 - https:\/\/yoast.com\/product\/yoast-seo-wordpress\/ -->\n<title>Femmes et paysannes - ADEAR Limousin<\/title>\n<meta name=\"robots\" content=\"index, follow, max-snippet:-1, max-image-preview:large, max-video-preview:-1\" \/>\n<link rel=\"canonical\" href=\"https:\/\/adearlimousin.com\/index.php\/2021\/03\/10\/femmes-et-paysannes\/\" \/>\n<meta property=\"og:locale\" content=\"fr_FR\" \/>\n<meta property=\"og:type\" content=\"article\" \/>\n<meta property=\"og:title\" content=\"Femmes et paysannes - ADEAR Limousin\" \/>\n<meta property=\"og:description\" content=\"Chaque ann\u00e9e, parmi les 13 000 nouveaux agriculteur.ice.s qui s\u2019installent dans les campagnes fran\u00e7aises, 37 % sont des femmes. Des trentenaires, combattantes et innovantes qui font \u00e9voluer les pratiques agricoles, &hellip; Lire la suite Femmes et paysannes\" \/>\n<meta property=\"og:url\" content=\"https:\/\/adearlimousin.com\/index.php\/2021\/03\/10\/femmes-et-paysannes\/\" \/>\n<meta property=\"og:site_name\" content=\"ADEAR Limousin\" \/>\n<meta property=\"article:publisher\" content=\"https:\/\/www.facebook.com\/adearlimousin\" \/>\n<meta property=\"article:author\" content=\"www.facebook.com\/adearlimousin\" \/>\n<meta property=\"article:published_time\" content=\"2021-03-10T11:06:36+00:00\" \/>\n<meta property=\"article:modified_time\" content=\"2021-03-10T11:06:39+00:00\" \/>\n<meta property=\"og:image\" content=\"https:\/\/adearlimousin.com\/wp-content\/uploads\/2021\/03\/femmespaysannes.png\" \/>\n\t<meta property=\"og:image:width\" content=\"613\" \/>\n\t<meta property=\"og:image:height\" content=\"850\" \/>\n\t<meta property=\"og:image:type\" content=\"image\/png\" \/>\n<meta name=\"author\" content=\"Adearlim\" \/>\n<meta name=\"twitter:card\" content=\"summary_large_image\" \/>\n<meta name=\"twitter:label1\" content=\"\u00c9crit par\" \/>\n\t<meta name=\"twitter:data1\" content=\"Adearlim\" \/>\n\t<meta name=\"twitter:label2\" content=\"Dur\u00e9e de lecture estim\u00e9e\" \/>\n\t<meta name=\"twitter:data2\" content=\"2 minutes\" \/>\n<script type=\"application\/ld+json\" class=\"yoast-schema-graph\">{\"@context\":\"https:\/\/schema.org\",\"@graph\":[{\"@type\":\"Article\",\"@id\":\"https:\/\/adearlimousin.com\/index.php\/2021\/03\/10\/femmes-et-paysannes\/#article\",\"isPartOf\":{\"@id\":\"https:\/\/adearlimousin.com\/index.php\/2021\/03\/10\/femmes-et-paysannes\/\"},\"author\":{\"name\":\"Adearlim\",\"@id\":\"https:\/\/adearlimousin.com\/#\/schema\/person\/4bb74e0bb3a7a85a5aaff17ff1e66915\"},\"headline\":\"Femmes et paysannes\",\"datePublished\":\"2021-03-10T11:06:36+00:00\",\"dateModified\":\"2021-03-10T11:06:39+00:00\",\"mainEntityOfPage\":{\"@id\":\"https:\/\/adearlimousin.com\/index.php\/2021\/03\/10\/femmes-et-paysannes\/\"},\"wordCount\":178,\"publisher\":{\"@id\":\"https:\/\/adearlimousin.com\/#organization\"},\"image\":{\"@id\":\"https:\/\/adearlimousin.com\/index.php\/2021\/03\/10\/femmes-et-paysannes\/#primaryimage\"},\"thumbnailUrl\":\"https:\/\/adearlimousin.com\/wp-content\/uploads\/2021\/03\/femmespaysannes.png\",\"inLanguage\":\"fr-FR\"},{\"@type\":\"WebPage\",\"@id\":\"https:\/\/adearlimousin.com\/index.php\/2021\/03\/10\/femmes-et-paysannes\/\",\"url\":\"https:\/\/adearlimousin.com\/index.php\/2021\/03\/10\/femmes-et-paysannes\/\",\"name\":\"Femmes et paysannes - ADEAR Limousin\",\"isPartOf\":{\"@id\":\"https:\/\/adearlimousin.com\/#website\"},\"primaryImageOfPage\":{\"@id\":\"https:\/\/adearlimousin.com\/index.php\/2021\/03\/10\/femmes-et-paysannes\/#primaryimage\"},\"image\":{\"@id\":\"https:\/\/adearlimousin.com\/index.php\/2021\/03\/10\/femmes-et-paysannes\/#primaryimage\"},\"thumbnailUrl\":\"https:\/\/adearlimousin.com\/wp-content\/uploads\/2021\/03\/femmespaysannes.png\",\"datePublished\":\"2021-03-10T11:06:36+00:00\",\"dateModified\":\"2021-03-10T11:06:39+00:00\",\"breadcrumb\":{\"@id\":\"https:\/\/adearlimousin.com\/index.php\/2021\/03\/10\/femmes-et-paysannes\/#breadcrumb\"},\"inLanguage\":\"fr-FR\",\"potentialAction\":[{\"@type\":\"ReadAction\",\"target\":[\"https:\/\/adearlimousin.com\/index.php\/2021\/03\/10\/femmes-et-paysannes\/\"]}]},{\"@type\":\"ImageObject\",\"inLanguage\":\"fr-FR\",\"@id\":\"https:\/\/adearlimousin.com\/index.php\/2021\/03\/10\/femmes-et-paysannes\/#primaryimage\",\"url\":\"https:\/\/adearlimousin.com\/wp-content\/uploads\/2021\/03\/femmespaysannes.png\",\"contentUrl\":\"https:\/\/adearlimousin.com\/wp-content\/uploads\/2021\/03\/femmespaysannes.png\",\"width\":613,\"height\":850},{\"@type\":\"BreadcrumbList\",\"@id\":\"https:\/\/adearlimousin.com\/index.php\/2021\/03\/10\/femmes-et-paysannes\/#breadcrumb\",\"itemListElement\":[{\"@type\":\"ListItem\",\"position\":1,\"name\":\"Accueil\",\"item\":\"https:\/\/adearlimousin.com\/\"},{\"@type\":\"ListItem\",\"position\":2,\"name\":\"Femmes et paysannes\"}]},{\"@type\":\"WebSite\",\"@id\":\"https:\/\/adearlimousin.com\/#website\",\"url\":\"https:\/\/adearlimousin.com\/\",\"name\":\"ADEAR Limousin\",\"description\":\"\u00catre paysan\u00b7ne en Limousin\",\"publisher\":{\"@id\":\"https:\/\/adearlimousin.com\/#organization\"},\"potentialAction\":[{\"@type\":\"SearchAction\",\"target\":{\"@type\":\"EntryPoint\",\"urlTemplate\":\"https:\/\/adearlimousin.com\/?s={search_term_string}\"},\"query-input\":{\"@type\":\"PropertyValueSpecification\",\"valueRequired\":true,\"valueName\":\"search_term_string\"}}],\"inLanguage\":\"fr-FR\"},{\"@type\":\"Organization\",\"@id\":\"https:\/\/adearlimousin.com\/#organization\",\"name\":\"Adear Limousin\",\"url\":\"https:\/\/adearlimousin.com\/\",\"logo\":{\"@type\":\"ImageObject\",\"inLanguage\":\"fr-FR\",\"@id\":\"https:\/\/adearlimousin.com\/#\/schema\/logo\/image\/\",\"url\":\"https:\/\/adearlimousin.com\/wp-content\/uploads\/2017\/04\/ADEARLimousin-RAP_V14cm.jpg\",\"contentUrl\":\"https:\/\/adearlimousin.com\/wp-content\/uploads\/2017\/04\/ADEARLimousin-RAP_V14cm.jpg\",\"width\":142,\"height\":118,\"caption\":\"Adear Limousin\"},\"image\":{\"@id\":\"https:\/\/adearlimousin.com\/#\/schema\/logo\/image\/\"},\"sameAs\":[\"https:\/\/www.facebook.com\/adearlimousin\"]},{\"@type\":\"Person\",\"@id\":\"https:\/\/adearlimousin.com\/#\/schema\/person\/4bb74e0bb3a7a85a5aaff17ff1e66915\",\"name\":\"Adearlim\",\"image\":{\"@type\":\"ImageObject\",\"inLanguage\":\"fr-FR\",\"@id\":\"https:\/\/adearlimousin.com\/#\/schema\/person\/image\/\",\"url\":\"https:\/\/secure.gravatar.com\/avatar\/b430ec7ba00b35d85d2ee0d6e5c02ad0bb6da2807681e933a2bc9f5a75dc7b21?s=96&d=mm&r=g\",\"contentUrl\":\"https:\/\/secure.gravatar.com\/avatar\/b430ec7ba00b35d85d2ee0d6e5c02ad0bb6da2807681e933a2bc9f5a75dc7b21?s=96&d=mm&r=g\",\"caption\":\"Adearlim\"},\"sameAs\":[\"www.facebook.com\/adearlimousin\"]}]}<\/script>\n<!-- \/ Yoast SEO plugin. -->","yoast_head_json":{"title":"Femmes et paysannes - ADEAR Limousin","robots":{"index":"index","follow":"follow","max-snippet":"max-snippet:-1","max-image-preview":"max-image-preview:large","max-video-preview":"max-video-preview:-1"},"canonical":"https:\/\/adearlimousin.com\/index.php\/2021\/03\/10\/femmes-et-paysannes\/","og_locale":"fr_FR","og_type":"article","og_title":"Femmes et paysannes - ADEAR Limousin","og_description":"Chaque ann\u00e9e, parmi les 13 000 nouveaux agriculteur.ice.s qui s\u2019installent dans les campagnes fran\u00e7aises, 37 % sont des femmes. Des trentenaires, combattantes et innovantes qui font \u00e9voluer les pratiques agricoles, &hellip; Lire la suite Femmes et paysannes","og_url":"https:\/\/adearlimousin.com\/index.php\/2021\/03\/10\/femmes-et-paysannes\/","og_site_name":"ADEAR Limousin","article_publisher":"https:\/\/www.facebook.com\/adearlimousin","article_author":"www.facebook.com\/adearlimousin","article_published_time":"2021-03-10T11:06:36+00:00","article_modified_time":"2021-03-10T11:06:39+00:00","og_image":[{"width":613,"height":850,"url":"https:\/\/adearlimousin.com\/wp-content\/uploads\/2021\/03\/femmespaysannes.png","type":"image\/png"}],"author":"Adearlim","twitter_card":"summary_large_image","twitter_misc":{"\u00c9crit par":"Adearlim","Dur\u00e9e de lecture estim\u00e9e":"2 minutes"},"schema":{"@context":"https:\/\/schema.org","@graph":[{"@type":"Article","@id":"https:\/\/adearlimousin.com\/index.php\/2021\/03\/10\/femmes-et-paysannes\/#article","isPartOf":{"@id":"https:\/\/adearlimousin.com\/index.php\/2021\/03\/10\/femmes-et-paysannes\/"},"author":{"name":"Adearlim","@id":"https:\/\/adearlimousin.com\/#\/schema\/person\/4bb74e0bb3a7a85a5aaff17ff1e66915"},"headline":"Femmes et paysannes","datePublished":"2021-03-10T11:06:36+00:00","dateModified":"2021-03-10T11:06:39+00:00","mainEntityOfPage":{"@id":"https:\/\/adearlimousin.com\/index.php\/2021\/03\/10\/femmes-et-paysannes\/"},"wordCount":178,"publisher":{"@id":"https:\/\/adearlimousin.com\/#organization"},"image":{"@id":"https:\/\/adearlimousin.com\/index.php\/2021\/03\/10\/femmes-et-paysannes\/#primaryimage"},"thumbnailUrl":"https:\/\/adearlimousin.com\/wp-content\/uploads\/2021\/03\/femmespaysannes.png","inLanguage":"fr-FR"},{"@type":"WebPage","@id":"https:\/\/adearlimousin.com\/index.php\/2021\/03\/10\/femmes-et-paysannes\/","url":"https:\/\/adearlimousin.com\/index.php\/2021\/03\/10\/femmes-et-paysannes\/","name":"Femmes et paysannes - ADEAR Limousin","isPartOf":{"@id":"https:\/\/adearlimousin.com\/#website"},"primaryImageOfPage":{"@id":"https:\/\/adearlimousin.com\/index.php\/2021\/03\/10\/femmes-et-paysannes\/#primaryimage"},"image":{"@id":"https:\/\/adearlimousin.com\/index.php\/2021\/03\/10\/femmes-et-paysannes\/#primaryimage"},"thumbnailUrl":"https:\/\/adearlimousin.com\/wp-content\/uploads\/2021\/03\/femmespaysannes.png","datePublished":"2021-03-10T11:06:36+00:00","dateModified":"2021-03-10T11:06:39+00:00","breadcrumb":{"@id":"https:\/\/adearlimousin.com\/index.php\/2021\/03\/10\/femmes-et-paysannes\/#breadcrumb"},"inLanguage":"fr-FR","potentialAction":[{"@type":"ReadAction","target":["https:\/\/adearlimousin.com\/index.php\/2021\/03\/10\/femmes-et-paysannes\/"]}]},{"@type":"ImageObject","inLanguage":"fr-FR","@id":"https:\/\/adearlimousin.com\/index.php\/2021\/03\/10\/femmes-et-paysannes\/#primaryimage","url":"https:\/\/adearlimousin.com\/wp-content\/uploads\/2021\/03\/femmespaysannes.png","contentUrl":"https:\/\/adearlimousin.com\/wp-content\/uploads\/2021\/03\/femmespaysannes.png","width":613,"height":850},{"@type":"BreadcrumbList","@id":"https:\/\/adearlimousin.com\/index.php\/2021\/03\/10\/femmes-et-paysannes\/#breadcrumb","itemListElement":[{"@type":"ListItem","position":1,"name":"Accueil","item":"https:\/\/adearlimousin.com\/"},{"@type":"ListItem","position":2,"name":"Femmes et paysannes"}]},{"@type":"WebSite","@id":"https:\/\/adearlimousin.com\/#website","url":"https:\/\/adearlimousin.com\/","name":"ADEAR Limousin","description":"\u00catre paysan\u00b7ne en Limousin","publisher":{"@id":"https:\/\/adearlimousin.com\/#organization"},"potentialAction":[{"@type":"SearchAction","target":{"@type":"EntryPoint","urlTemplate":"https:\/\/adearlimousin.com\/?s={search_term_string}"},"query-input":{"@type":"PropertyValueSpecification","valueRequired":true,"valueName":"search_term_string"}}],"inLanguage":"fr-FR"},{"@type":"Organization","@id":"https:\/\/adearlimousin.com\/#organization","name":"Adear Limousin","url":"https:\/\/adearlimousin.com\/","logo":{"@type":"ImageObject","inLanguage":"fr-FR","@id":"https:\/\/adearlimousin.com\/#\/schema\/logo\/image\/","url":"https:\/\/adearlimousin.com\/wp-content\/uploads\/2017\/04\/ADEARLimousin-RAP_V14cm.jpg","contentUrl":"https:\/\/adearlimousin.com\/wp-content\/uploads\/2017\/04\/ADEARLimousin-RAP_V14cm.jpg","width":142,"height":118,"caption":"Adear Limousin"},"image":{"@id":"https:\/\/adearlimousin.com\/#\/schema\/logo\/image\/"},"sameAs":["https:\/\/www.facebook.com\/adearlimousin"]},{"@type":"Person","@id":"https:\/\/adearlimousin.com\/#\/schema\/person\/4bb74e0bb3a7a85a5aaff17ff1e66915","name":"Adearlim","image":{"@type":"ImageObject","inLanguage":"fr-FR","@id":"https:\/\/adearlimousin.com\/#\/schema\/person\/image\/","url":"https:\/\/secure.gravatar.com\/avatar\/b430ec7ba00b35d85d2ee0d6e5c02ad0bb6da2807681e933a2bc9f5a75dc7b21?s=96&d=mm&r=g","contentUrl":"https:\/\/secure.gravatar.com\/avatar\/b430ec7ba00b35d85d2ee0d6e5c02ad0bb6da2807681e933a2bc9f5a75dc7b21?s=96&d=mm&r=g","caption":"Adearlim"},"sameAs":["www.facebook.com\/adearlimousin"]}]}},"jetpack_publicize_connections":[],"jetpack_featured_media_url":"https:\/\/adearlimousin.com\/wp-content\/uploads\/2021\/03\/femmespaysannes.png","uagb_featured_image_src":{"full":["https:\/\/adearlimousin.com\/wp-content\/uploads\/2021\/03\/femmespaysannes.png",613,850,false],"thumbnail":["https:\/\/adearlimousin.com\/wp-content\/uploads\/2021\/03\/femmespaysannes-150x150.png",150,150,true],"medium":["https:\/\/adearlimousin.com\/wp-content\/uploads\/2021\/03\/femmespaysannes-216x300.png",216,300,true],"medium_large":["https:\/\/adearlimousin.com\/wp-content\/uploads\/2021\/03\/femmespaysannes.png",613,850,false],"large":["https:\/\/adearlimousin.com\/wp-content\/uploads\/2021\/03\/femmespaysannes.png",613,850,false],"1536x1536":["https:\/\/adearlimousin.com\/wp-content\/uploads\/2021\/03\/femmespaysannes.png",613,850,false],"2048x2048":["https:\/\/adearlimousin.com\/wp-content\/uploads\/2021\/03\/femmespaysannes.png",613,850,false],"post-thumbnail":["https:\/\/adearlimousin.com\/wp-content\/uploads\/2021\/03\/femmespaysannes-613x312.png",613,312,true],"sela-hero-thumbnail":["https:\/\/adearlimousin.com\/wp-content\/uploads\/2021\/03\/femmespaysannes-613x610.png",613,610,true],"sela-page-thumbnail":["https:\/\/adearlimousin.com\/wp-content\/uploads\/2021\/03\/femmespaysannes-613x435.png",613,435,true],"sela-grid-thumbnail":["https:\/\/adearlimousin.com\/wp-content\/uploads\/2021\/03\/femmespaysannes-360x242.png",360,242,true],"sela-testimonial-thumbnail":["https:\/\/adearlimousin.com\/wp-content\/uploads\/2021\/03\/femmespaysannes-90x90.png",90,90,true],"sela-logo":["https:\/\/adearlimousin.com\/wp-content\/uploads\/2021\/03\/femmespaysannes-274x380.png",274,380,true]},"uagb_author_info":{"display_name":"Adearlim","author_link":"https:\/\/adearlimousin.com\/index.php\/author\/admin3869\/"},"uagb_comment_info":0,"uagb_excerpt":"Chaque ann\u00e9e, parmi les 13 000 nouveaux agriculteur.ice.s qui s\u2019installent dans les campagnes fran\u00e7aises, 37 % sont des femmes. Des trentenaires, combattantes et innovantes qui font \u00e9voluer les pratiques agricoles, &hellip; Lire la suite Femmes et paysannes","jetpack_sharing_enabled":true,"jetpack_shortlink":"https:\/\/wp.me\/p8DPFj-1fE","jetpack_likes_enabled":false,"_links":{"self":[{"href":"https:\/\/adearlimousin.com\/index.php\/wp-json\/wp\/v2\/posts\/4814","targetHints":{"allow":["GET"]}}],"collection":[{"href":"https:\/\/adearlimousin.com\/index.php\/wp-json\/wp\/v2\/posts"}],"about":[{"href":"https:\/\/adearlimousin.com\/index.php\/wp-json\/wp\/v2\/types\/post"}],"author":[{"embeddable":true,"href":"https:\/\/adearlimousin.com\/index.php\/wp-json\/wp\/v2\/users\/1"}],"replies":[{"embeddable":true,"href":"https:\/\/adearlimousin.com\/index.php\/wp-json\/wp\/v2\/comments?post=4814"}],"version-history":[{"count":2,"href":"https:\/\/adearlimousin.com\/index.php\/wp-json\/wp\/v2\/posts\/4814\/revisions"}],"predecessor-version":[{"id":7801,"href":"https:\/\/adearlimousin.com\/index.php\/wp-json\/wp\/v2\/posts\/4814\/revisions\/7801"}],"wp:featuredmedia":[{"embeddable":true,"href":"https:\/\/adearlimousin.com\/index.php\/wp-json\/wp\/v2\/media\/4815"}],"wp:attachment":[{"href":"https:\/\/adearlimousin.com\/index.php\/wp-json\/wp\/v2\/media?parent=4814"}],"wp:term":[{"taxonomy":"category","embeddable":true,"href":"https:\/\/adearlimousin.com\/index.php\/wp-json\/wp\/v2\/categories?post=4814"},{"taxonomy":"post_tag","embeddable":true,"href":"https:\/\/adearlimousin.com\/index.php\/wp-json\/wp\/v2\/tags?post=4814"}],"curies":[{"name":"wp","href":"https:\/\/api.w.org\/{rel}","templated":true}]}}