{"id":500,"date":"2017-05-15T14:41:16","date_gmt":"2017-05-15T12:41:16","guid":{"rendered":"http:\/\/ardearlimousin.com\/?p=500"},"modified":"2017-05-15T17:38:53","modified_gmt":"2017-05-15T15:38:53","slug":"retour-lag-de-lardear-limousin","status":"publish","type":"post","link":"https:\/\/adearlimousin.com\/index.php\/2017\/05\/15\/retour-lag-de-lardear-limousin\/","title":{"rendered":"Retour sur l\u2019AG de l\u2019ARDEAR Limousin"},"content":{"rendered":"<h4 class=\"western\" align=\"justify\">L&rsquo;Assembl\u00e9 G\u00e9n\u00e9rale Extraordinaire : r\u00e9vision des statuts.<\/h4>\n<p align=\"justify\">L\u2019Assembl\u00e9e G\u00e9n\u00e9rale de l\u2019ARDEAR Limousin s\u2019est tenue le 10 mai dernier en pr\u00e9sence d\u2019une vingtaine d\u2019adh\u00e9rents. Sur fond de r\u00e9forme territoriale, et afin de mettre les statuts de l\u2019association en phase avec ceux de la FADEAR, une Assembl\u00e9e G\u00e9n\u00e9rale Extraordinaire avait \u00e9t\u00e9 convoqu\u00e9e. Celle-ci a notamment ent\u00e9rin\u00e9 la d\u00e9cision d\u2019un changement de nom\u00a0: l\u2019ARDEAR Limousin va devenir l\u2019<em>ADEAR Limousin \u2013 R\u00e9seau de l\u2019Agriculture Paysanne<\/em>. Cette \u00e9volution se conforme \u00e0 l\u2019adage \u00ab\u00a0faire notre la loi NOTRe\u00a0\u00bb suite \u00e0 laquelle le Limousin n\u2019est plus une r\u00e9gion au sens administratif du terme, et s\u2019ins\u00e8re dans la dynamique de recomposition du r\u00e9seau de l\u2019Agriculture Paysanne au sein de la r\u00e9gion Nouvelle Aquitaine.<\/p>\n<p>&nbsp;<\/p>\n<h4>L&rsquo;Assembl\u00e9e G\u00e9n\u00e9rale Ordinaire : bilans de l&rsquo;ann\u00e9e 2016.<\/h4>\n<p align=\"justify\">L\u2019Assembl\u00e9e G\u00e9n\u00e9rale Ordinaire a ensuite permis de voter les bilans de l\u2019ann\u00e9e 2016 et les pr\u00e9visionnels d\u2019activit\u00e9s et financiers pour 2017. Christel Mas De Feix, Pr\u00e9sidente, a soulign\u00e9 que le temps de travail avait \u00e9t\u00e9 largement impact\u00e9 par la r\u00e9forme territoriale et donc par la coordination entre associations du r\u00e9seau au sein de la nouvelle r\u00e9gion. C\u2019est ainsi que les caf\u00e9s-installation, mis entre parenth\u00e8se en 2016, sont relanc\u00e9s en cette ann\u00e9e 2017. La naissance du groupe de travail compostage\/biodynamie est lui un bon signal, et il semble important de maintenir sa dynamique, notamment par la mise en pratique. Les administrateurs ont rappel\u00e9 leur volont\u00e9 de maintenir leur implication dans le dispositif du test d\u2019activit\u00e9 agricole, consid\u00e9r\u00e9 comme pertinent, malgr\u00e9 l\u2019absence de temps salari\u00e9 d\u00e9di\u00e9.<\/p>\n<div id=\"attachment_504\" style=\"width: 310px\" class=\"wp-caption aligncenter\"><img loading=\"lazy\" decoding=\"async\" aria-describedby=\"caption-attachment-504\" class=\"size-medium wp-image-504\" src=\"http:\/\/ardearlimousin.com\/wp-content\/uploads\/2017\/05\/AG2017_dej-300x243.jpg\" alt=\"\" width=\"300\" height=\"243\" srcset=\"https:\/\/adearlimousin.com\/wp-content\/uploads\/2017\/05\/AG2017_dej-300x243.jpg 300w, https:\/\/adearlimousin.com\/wp-content\/uploads\/2017\/05\/AG2017_dej-768x621.jpg 768w, https:\/\/adearlimousin.com\/wp-content\/uploads\/2017\/05\/AG2017_dej-1024x828.jpg 1024w, https:\/\/adearlimousin.com\/wp-content\/uploads\/2017\/05\/AG2017_dej-600x485.jpg 600w, https:\/\/adearlimousin.com\/wp-content\/uploads\/2017\/05\/AG2017_dej-470x380.jpg 470w\" sizes=\"auto, (max-width: 300px) 100vw, 300px\" \/><p id=\"caption-attachment-504\" class=\"wp-caption-text\">D\u00e9jeuner convivial entre les participants de l&rsquo;AG.<\/p><\/div>\n<h4>D\u00c9BAT : Forces et faiblesses de l&rsquo;engagement \u00e0 l&rsquo;ext\u00e9rieur de sa ferme.<\/h4>\n<p align=\"justify\">L\u2019apr\u00e8s-midi a \u00e9t\u00e9 consacr\u00e9 \u00e0 un d\u00e9bat concernant l\u2019engagement \u00e0 l\u2019ext\u00e9rieur de la ferme. Il a notamment \u00e9t\u00e9 question du dilemme entre le temps \u00e0 investir sur sa ferme pour en d\u00e9gager un revenu digne et la difficult\u00e9 \u00e0 \u00e9valuer ce qu\u2019apporte le temps investi en engagement militant. Toutefois, l\u2019engagement peut \u00eatre li\u00e9 \u00e0 la volont\u00e9 d\u2019influer sur le cadre juridique et l\u00e9gislatif qui fixe les r\u00e8gles et conditionne donc les opportunit\u00e9s de revenus. Il a \u00e9galement \u00e9t\u00e9 relev\u00e9 un d\u00e9sengagement des paysans dans les structures militantes. Plusieurs hypoth\u00e8ses ont \u00e9t\u00e9 avanc\u00e9es pour l\u2019expliquer\u00a0:<\/p>\n<ul>\n<li>la diminution du nombre de paysans parall\u00e8lement \u00e0 une multiplication des associations\u00a0;<\/li>\n<li>l\u2019essoufflement des militants d\u00fb au peu de reconnaissance \u2013 morale et financi\u00e8re \u2013 du temps b\u00e9n\u00e9vole investi\u00a0;<\/li>\n<li>une nouvelle g\u00e9n\u00e9ration de paysans ne (re)connaissant pas les acquis obtenus par les anciens militants et ressentant moins le besoin de collectif pour garantir ses droits\u00a0;<\/li>\n<li>la probl\u00e9matique du renouvellement des g\u00e9n\u00e9rations d\u00fb au peu de place laiss\u00e9 aux jeunes dans les associations ou de la masse de responsabilit\u00e9s qu\u2019on leur fait porter d\u00e8s leur entr\u00e9e ;<\/li>\n<li>l\u2019impression qu\u2019il est n\u00e9cessaire aujourd\u2019hui de travailler beaucoup plus en termes d\u2019heures pour des salaires plus faibles qu\u2019il y a trente ans.<\/li>\n<\/ul>\n<p align=\"justify\">Pour terminer, il a \u00e9t\u00e9 affirm\u00e9 que se faire paysan aujourd\u2019hui est, en soi, d\u00e9j\u00e0 un engagement militant et que, d\u2019autre part, la survie des associations militantes implique de susciter l\u2019implication et la participation des adh\u00e9rents qui, trop souvent, se positionnent en \u00ab\u00a0consommateurs\u00a0\u00bb des activit\u00e9s de l\u2019association. Comment motiver et communiquer \u00e0 ce sujet\u00a0? Avec quels outils\u00a0? Telles sont les questions que posent ce constat.<\/p>\n","protected":false},"excerpt":{"rendered":"<p>L&rsquo;Assembl\u00e9 G\u00e9n\u00e9rale Extraordinaire : r\u00e9vision des statuts. L\u2019Assembl\u00e9e G\u00e9n\u00e9rale de l\u2019ARDEAR Limousin s\u2019est tenue le 10 mai dernier en pr\u00e9sence d\u2019une vingtaine d\u2019adh\u00e9rents. Sur fond de r\u00e9forme territoriale, et afin &hellip; <a href=\"https:\/\/adearlimousin.com\/index.php\/2017\/05\/15\/retour-lag-de-lardear-limousin\/\" class=\"more-link\">Lire la suite <span class=\"screen-reader-text\">Retour sur l\u2019AG de l\u2019ARDEAR Limousin<\/span><\/a><\/p>\n","protected":false},"author":1,"featured_media":0,"comment_status":"closed","ping_status":"closed","sticky":false,"template":"","format":"standard","meta":{"_uag_custom_page_level_css":"","_EventAllDay":false,"_EventTimezone":"","_EventStartDate":"","_EventEndDate":"","_EventStartDateUTC":"","_EventEndDateUTC":"","_EventShowMap":false,"_EventShowMapLink":false,"_EventURL":"","_EventCost":"","_EventCostDescription":"","_EventCurrencySymbol":"","_EventCurrencyCode":"","_EventCurrencyPosition":"","_EventDateTimeSeparator":"","_EventTimeRangeSeparator":"","_EventOrganizerID":[],"_EventVenueID":[],"_OrganizerEmail":"","_OrganizerPhone":"","_OrganizerWebsite":"","_VenueAddress":"","_VenueCity":"","_VenueCountry":"","_VenueProvince":"","_VenueState":"","_VenueZip":"","_VenuePhone":"","_VenueURL":"","_VenueStateProvince":"","_VenueLat":"","_VenueLng":"","_VenueShowMap":false,"_VenueShowMapLink":false,"_jetpack_memberships_contains_paid_content":false,"footnotes":"","jetpack_publicize_message":"","jetpack_publicize_feature_enabled":true,"jetpack_social_post_already_shared":true,"jetpack_social_options":{"image_generator_settings":{"template":"highway","default_image_id":0,"font":"","enabled":false},"version":2}},"categories":[2,3],"tags":[],"class_list":["post-500","post","type-post","status-publish","format-standard","hentry","category-actus","category-adear-limousin","without-featured-image"],"yoast_head":"<!-- This site is optimized with the Yoast SEO plugin v27.1.1 - https:\/\/yoast.com\/product\/yoast-seo-wordpress\/ -->\n<title>Retour sur l\u2019AG de l\u2019ARDEAR Limousin - ADEAR Limousin<\/title>\n<meta name=\"robots\" content=\"index, follow, max-snippet:-1, max-image-preview:large, max-video-preview:-1\" \/>\n<link rel=\"canonical\" href=\"https:\/\/adearlimousin.com\/index.php\/2017\/05\/15\/retour-lag-de-lardear-limousin\/\" \/>\n<meta property=\"og:locale\" content=\"fr_FR\" \/>\n<meta property=\"og:type\" content=\"article\" \/>\n<meta property=\"og:title\" content=\"Retour sur l\u2019AG de l\u2019ARDEAR Limousin - ADEAR Limousin\" \/>\n<meta property=\"og:description\" content=\"L&rsquo;Assembl\u00e9 G\u00e9n\u00e9rale Extraordinaire : r\u00e9vision des statuts. L\u2019Assembl\u00e9e G\u00e9n\u00e9rale de l\u2019ARDEAR Limousin s\u2019est tenue le 10 mai dernier en pr\u00e9sence d\u2019une vingtaine d\u2019adh\u00e9rents. Sur fond de r\u00e9forme territoriale, et afin &hellip; Lire la suite Retour sur l\u2019AG de l\u2019ARDEAR Limousin\" \/>\n<meta property=\"og:url\" content=\"https:\/\/adearlimousin.com\/index.php\/2017\/05\/15\/retour-lag-de-lardear-limousin\/\" \/>\n<meta property=\"og:site_name\" content=\"ADEAR Limousin\" \/>\n<meta property=\"article:publisher\" content=\"https:\/\/www.facebook.com\/adearlimousin\" \/>\n<meta property=\"article:author\" content=\"www.facebook.com\/adearlimousin\" \/>\n<meta property=\"article:published_time\" content=\"2017-05-15T12:41:16+00:00\" \/>\n<meta property=\"article:modified_time\" content=\"2017-05-15T15:38:53+00:00\" \/>\n<meta property=\"og:image\" content=\"http:\/\/ardearlimousin.com\/wp-content\/uploads\/2017\/05\/AG2017_dej-300x243.jpg\" \/>\n<meta name=\"author\" content=\"Adearlim\" \/>\n<meta name=\"twitter:card\" content=\"summary_large_image\" \/>\n<meta name=\"twitter:label1\" content=\"\u00c9crit par\" \/>\n\t<meta name=\"twitter:data1\" content=\"Adearlim\" \/>\n\t<meta name=\"twitter:label2\" content=\"Dur\u00e9e de lecture estim\u00e9e\" \/>\n\t<meta name=\"twitter:data2\" content=\"3 minutes\" \/>\n<script type=\"application\/ld+json\" class=\"yoast-schema-graph\">{\"@context\":\"https:\/\/schema.org\",\"@graph\":[{\"@type\":\"Article\",\"@id\":\"https:\/\/adearlimousin.com\/index.php\/2017\/05\/15\/retour-lag-de-lardear-limousin\/#article\",\"isPartOf\":{\"@id\":\"https:\/\/adearlimousin.com\/index.php\/2017\/05\/15\/retour-lag-de-lardear-limousin\/\"},\"author\":{\"name\":\"Adearlim\",\"@id\":\"https:\/\/adearlimousin.com\/#\/schema\/person\/4bb74e0bb3a7a85a5aaff17ff1e66915\"},\"headline\":\"Retour sur l\u2019AG de l\u2019ARDEAR Limousin\",\"datePublished\":\"2017-05-15T12:41:16+00:00\",\"dateModified\":\"2017-05-15T15:38:53+00:00\",\"mainEntityOfPage\":{\"@id\":\"https:\/\/adearlimousin.com\/index.php\/2017\/05\/15\/retour-lag-de-lardear-limousin\/\"},\"wordCount\":635,\"publisher\":{\"@id\":\"https:\/\/adearlimousin.com\/#organization\"},\"image\":{\"@id\":\"https:\/\/adearlimousin.com\/index.php\/2017\/05\/15\/retour-lag-de-lardear-limousin\/#primaryimage\"},\"thumbnailUrl\":\"http:\/\/ardearlimousin.com\/wp-content\/uploads\/2017\/05\/AG2017_dej-300x243.jpg\",\"articleSection\":[\"Actus\",\"Adear Limousin\"],\"inLanguage\":\"fr-FR\"},{\"@type\":\"WebPage\",\"@id\":\"https:\/\/adearlimousin.com\/index.php\/2017\/05\/15\/retour-lag-de-lardear-limousin\/\",\"url\":\"https:\/\/adearlimousin.com\/index.php\/2017\/05\/15\/retour-lag-de-lardear-limousin\/\",\"name\":\"Retour sur l\u2019AG de l\u2019ARDEAR Limousin - ADEAR Limousin\",\"isPartOf\":{\"@id\":\"https:\/\/adearlimousin.com\/#website\"},\"primaryImageOfPage\":{\"@id\":\"https:\/\/adearlimousin.com\/index.php\/2017\/05\/15\/retour-lag-de-lardear-limousin\/#primaryimage\"},\"image\":{\"@id\":\"https:\/\/adearlimousin.com\/index.php\/2017\/05\/15\/retour-lag-de-lardear-limousin\/#primaryimage\"},\"thumbnailUrl\":\"http:\/\/ardearlimousin.com\/wp-content\/uploads\/2017\/05\/AG2017_dej-300x243.jpg\",\"datePublished\":\"2017-05-15T12:41:16+00:00\",\"dateModified\":\"2017-05-15T15:38:53+00:00\",\"breadcrumb\":{\"@id\":\"https:\/\/adearlimousin.com\/index.php\/2017\/05\/15\/retour-lag-de-lardear-limousin\/#breadcrumb\"},\"inLanguage\":\"fr-FR\",\"potentialAction\":[{\"@type\":\"ReadAction\",\"target\":[\"https:\/\/adearlimousin.com\/index.php\/2017\/05\/15\/retour-lag-de-lardear-limousin\/\"]}]},{\"@type\":\"ImageObject\",\"inLanguage\":\"fr-FR\",\"@id\":\"https:\/\/adearlimousin.com\/index.php\/2017\/05\/15\/retour-lag-de-lardear-limousin\/#primaryimage\",\"url\":\"http:\/\/ardearlimousin.com\/wp-content\/uploads\/2017\/05\/AG2017_dej-300x243.jpg\",\"contentUrl\":\"http:\/\/ardearlimousin.com\/wp-content\/uploads\/2017\/05\/AG2017_dej-300x243.jpg\"},{\"@type\":\"BreadcrumbList\",\"@id\":\"https:\/\/adearlimousin.com\/index.php\/2017\/05\/15\/retour-lag-de-lardear-limousin\/#breadcrumb\",\"itemListElement\":[{\"@type\":\"ListItem\",\"position\":1,\"name\":\"Accueil\",\"item\":\"https:\/\/adearlimousin.com\/\"},{\"@type\":\"ListItem\",\"position\":2,\"name\":\"Retour sur l\u2019AG de l\u2019ARDEAR Limousin\"}]},{\"@type\":\"WebSite\",\"@id\":\"https:\/\/adearlimousin.com\/#website\",\"url\":\"https:\/\/adearlimousin.com\/\",\"name\":\"ADEAR Limousin\",\"description\":\"\u00catre paysan\u00b7ne en Limousin\",\"publisher\":{\"@id\":\"https:\/\/adearlimousin.com\/#organization\"},\"potentialAction\":[{\"@type\":\"SearchAction\",\"target\":{\"@type\":\"EntryPoint\",\"urlTemplate\":\"https:\/\/adearlimousin.com\/?s={search_term_string}\"},\"query-input\":{\"@type\":\"PropertyValueSpecification\",\"valueRequired\":true,\"valueName\":\"search_term_string\"}}],\"inLanguage\":\"fr-FR\"},{\"@type\":\"Organization\",\"@id\":\"https:\/\/adearlimousin.com\/#organization\",\"name\":\"Adear Limousin\",\"url\":\"https:\/\/adearlimousin.com\/\",\"logo\":{\"@type\":\"ImageObject\",\"inLanguage\":\"fr-FR\",\"@id\":\"https:\/\/adearlimousin.com\/#\/schema\/logo\/image\/\",\"url\":\"https:\/\/adearlimousin.com\/wp-content\/uploads\/2017\/04\/ADEARLimousin-RAP_V14cm.jpg\",\"contentUrl\":\"https:\/\/adearlimousin.com\/wp-content\/uploads\/2017\/04\/ADEARLimousin-RAP_V14cm.jpg\",\"width\":142,\"height\":118,\"caption\":\"Adear Limousin\"},\"image\":{\"@id\":\"https:\/\/adearlimousin.com\/#\/schema\/logo\/image\/\"},\"sameAs\":[\"https:\/\/www.facebook.com\/adearlimousin\"]},{\"@type\":\"Person\",\"@id\":\"https:\/\/adearlimousin.com\/#\/schema\/person\/4bb74e0bb3a7a85a5aaff17ff1e66915\",\"name\":\"Adearlim\",\"image\":{\"@type\":\"ImageObject\",\"inLanguage\":\"fr-FR\",\"@id\":\"https:\/\/adearlimousin.com\/#\/schema\/person\/image\/\",\"url\":\"https:\/\/secure.gravatar.com\/avatar\/b430ec7ba00b35d85d2ee0d6e5c02ad0bb6da2807681e933a2bc9f5a75dc7b21?s=96&d=mm&r=g\",\"contentUrl\":\"https:\/\/secure.gravatar.com\/avatar\/b430ec7ba00b35d85d2ee0d6e5c02ad0bb6da2807681e933a2bc9f5a75dc7b21?s=96&d=mm&r=g\",\"caption\":\"Adearlim\"},\"sameAs\":[\"www.facebook.com\/adearlimousin\"]}]}<\/script>\n<!-- \/ Yoast SEO plugin. -->","yoast_head_json":{"title":"Retour sur l\u2019AG de l\u2019ARDEAR Limousin - ADEAR Limousin","robots":{"index":"index","follow":"follow","max-snippet":"max-snippet:-1","max-image-preview":"max-image-preview:large","max-video-preview":"max-video-preview:-1"},"canonical":"https:\/\/adearlimousin.com\/index.php\/2017\/05\/15\/retour-lag-de-lardear-limousin\/","og_locale":"fr_FR","og_type":"article","og_title":"Retour sur l\u2019AG de l\u2019ARDEAR Limousin - ADEAR Limousin","og_description":"L&rsquo;Assembl\u00e9 G\u00e9n\u00e9rale Extraordinaire : r\u00e9vision des statuts. L\u2019Assembl\u00e9e G\u00e9n\u00e9rale de l\u2019ARDEAR Limousin s\u2019est tenue le 10 mai dernier en pr\u00e9sence d\u2019une vingtaine d\u2019adh\u00e9rents. Sur fond de r\u00e9forme territoriale, et afin &hellip; Lire la suite Retour sur l\u2019AG de l\u2019ARDEAR Limousin","og_url":"https:\/\/adearlimousin.com\/index.php\/2017\/05\/15\/retour-lag-de-lardear-limousin\/","og_site_name":"ADEAR Limousin","article_publisher":"https:\/\/www.facebook.com\/adearlimousin","article_author":"www.facebook.com\/adearlimousin","article_published_time":"2017-05-15T12:41:16+00:00","article_modified_time":"2017-05-15T15:38:53+00:00","og_image":[{"url":"http:\/\/ardearlimousin.com\/wp-content\/uploads\/2017\/05\/AG2017_dej-300x243.jpg","type":"","width":"","height":""}],"author":"Adearlim","twitter_card":"summary_large_image","twitter_misc":{"\u00c9crit par":"Adearlim","Dur\u00e9e de lecture estim\u00e9e":"3 minutes"},"schema":{"@context":"https:\/\/schema.org","@graph":[{"@type":"Article","@id":"https:\/\/adearlimousin.com\/index.php\/2017\/05\/15\/retour-lag-de-lardear-limousin\/#article","isPartOf":{"@id":"https:\/\/adearlimousin.com\/index.php\/2017\/05\/15\/retour-lag-de-lardear-limousin\/"},"author":{"name":"Adearlim","@id":"https:\/\/adearlimousin.com\/#\/schema\/person\/4bb74e0bb3a7a85a5aaff17ff1e66915"},"headline":"Retour sur l\u2019AG de l\u2019ARDEAR Limousin","datePublished":"2017-05-15T12:41:16+00:00","dateModified":"2017-05-15T15:38:53+00:00","mainEntityOfPage":{"@id":"https:\/\/adearlimousin.com\/index.php\/2017\/05\/15\/retour-lag-de-lardear-limousin\/"},"wordCount":635,"publisher":{"@id":"https:\/\/adearlimousin.com\/#organization"},"image":{"@id":"https:\/\/adearlimousin.com\/index.php\/2017\/05\/15\/retour-lag-de-lardear-limousin\/#primaryimage"},"thumbnailUrl":"http:\/\/ardearlimousin.com\/wp-content\/uploads\/2017\/05\/AG2017_dej-300x243.jpg","articleSection":["Actus","Adear Limousin"],"inLanguage":"fr-FR"},{"@type":"WebPage","@id":"https:\/\/adearlimousin.com\/index.php\/2017\/05\/15\/retour-lag-de-lardear-limousin\/","url":"https:\/\/adearlimousin.com\/index.php\/2017\/05\/15\/retour-lag-de-lardear-limousin\/","name":"Retour sur l\u2019AG de l\u2019ARDEAR Limousin - ADEAR Limousin","isPartOf":{"@id":"https:\/\/adearlimousin.com\/#website"},"primaryImageOfPage":{"@id":"https:\/\/adearlimousin.com\/index.php\/2017\/05\/15\/retour-lag-de-lardear-limousin\/#primaryimage"},"image":{"@id":"https:\/\/adearlimousin.com\/index.php\/2017\/05\/15\/retour-lag-de-lardear-limousin\/#primaryimage"},"thumbnailUrl":"http:\/\/ardearlimousin.com\/wp-content\/uploads\/2017\/05\/AG2017_dej-300x243.jpg","datePublished":"2017-05-15T12:41:16+00:00","dateModified":"2017-05-15T15:38:53+00:00","breadcrumb":{"@id":"https:\/\/adearlimousin.com\/index.php\/2017\/05\/15\/retour-lag-de-lardear-limousin\/#breadcrumb"},"inLanguage":"fr-FR","potentialAction":[{"@type":"ReadAction","target":["https:\/\/adearlimousin.com\/index.php\/2017\/05\/15\/retour-lag-de-lardear-limousin\/"]}]},{"@type":"ImageObject","inLanguage":"fr-FR","@id":"https:\/\/adearlimousin.com\/index.php\/2017\/05\/15\/retour-lag-de-lardear-limousin\/#primaryimage","url":"http:\/\/ardearlimousin.com\/wp-content\/uploads\/2017\/05\/AG2017_dej-300x243.jpg","contentUrl":"http:\/\/ardearlimousin.com\/wp-content\/uploads\/2017\/05\/AG2017_dej-300x243.jpg"},{"@type":"BreadcrumbList","@id":"https:\/\/adearlimousin.com\/index.php\/2017\/05\/15\/retour-lag-de-lardear-limousin\/#breadcrumb","itemListElement":[{"@type":"ListItem","position":1,"name":"Accueil","item":"https:\/\/adearlimousin.com\/"},{"@type":"ListItem","position":2,"name":"Retour sur l\u2019AG de l\u2019ARDEAR Limousin"}]},{"@type":"WebSite","@id":"https:\/\/adearlimousin.com\/#website","url":"https:\/\/adearlimousin.com\/","name":"ADEAR Limousin","description":"\u00catre paysan\u00b7ne en Limousin","publisher":{"@id":"https:\/\/adearlimousin.com\/#organization"},"potentialAction":[{"@type":"SearchAction","target":{"@type":"EntryPoint","urlTemplate":"https:\/\/adearlimousin.com\/?s={search_term_string}"},"query-input":{"@type":"PropertyValueSpecification","valueRequired":true,"valueName":"search_term_string"}}],"inLanguage":"fr-FR"},{"@type":"Organization","@id":"https:\/\/adearlimousin.com\/#organization","name":"Adear Limousin","url":"https:\/\/adearlimousin.com\/","logo":{"@type":"ImageObject","inLanguage":"fr-FR","@id":"https:\/\/adearlimousin.com\/#\/schema\/logo\/image\/","url":"https:\/\/adearlimousin.com\/wp-content\/uploads\/2017\/04\/ADEARLimousin-RAP_V14cm.jpg","contentUrl":"https:\/\/adearlimousin.com\/wp-content\/uploads\/2017\/04\/ADEARLimousin-RAP_V14cm.jpg","width":142,"height":118,"caption":"Adear Limousin"},"image":{"@id":"https:\/\/adearlimousin.com\/#\/schema\/logo\/image\/"},"sameAs":["https:\/\/www.facebook.com\/adearlimousin"]},{"@type":"Person","@id":"https:\/\/adearlimousin.com\/#\/schema\/person\/4bb74e0bb3a7a85a5aaff17ff1e66915","name":"Adearlim","image":{"@type":"ImageObject","inLanguage":"fr-FR","@id":"https:\/\/adearlimousin.com\/#\/schema\/person\/image\/","url":"https:\/\/secure.gravatar.com\/avatar\/b430ec7ba00b35d85d2ee0d6e5c02ad0bb6da2807681e933a2bc9f5a75dc7b21?s=96&d=mm&r=g","contentUrl":"https:\/\/secure.gravatar.com\/avatar\/b430ec7ba00b35d85d2ee0d6e5c02ad0bb6da2807681e933a2bc9f5a75dc7b21?s=96&d=mm&r=g","caption":"Adearlim"},"sameAs":["www.facebook.com\/adearlimousin"]}]}},"jetpack_publicize_connections":[],"jetpack_featured_media_url":"","uagb_featured_image_src":{"full":false,"thumbnail":false,"medium":false,"medium_large":false,"large":false,"1536x1536":false,"2048x2048":false,"post-thumbnail":false,"sela-hero-thumbnail":false,"sela-page-thumbnail":false,"sela-grid-thumbnail":false,"sela-testimonial-thumbnail":false,"sela-logo":false},"uagb_author_info":{"display_name":"Adearlim","author_link":"https:\/\/adearlimousin.com\/index.php\/author\/admin3869\/"},"uagb_comment_info":0,"uagb_excerpt":"L&rsquo;Assembl\u00e9 G\u00e9n\u00e9rale Extraordinaire : r\u00e9vision des statuts. L\u2019Assembl\u00e9e G\u00e9n\u00e9rale de l\u2019ARDEAR Limousin s\u2019est tenue le 10 mai dernier en pr\u00e9sence d\u2019une vingtaine d\u2019adh\u00e9rents. Sur fond de r\u00e9forme territoriale, et afin &hellip; Lire la suite Retour sur l\u2019AG de l\u2019ARDEAR Limousin","jetpack_sharing_enabled":true,"jetpack_shortlink":"https:\/\/wp.me\/p8DPFj-84","jetpack_likes_enabled":false,"_links":{"self":[{"href":"https:\/\/adearlimousin.com\/index.php\/wp-json\/wp\/v2\/posts\/500","targetHints":{"allow":["GET"]}}],"collection":[{"href":"https:\/\/adearlimousin.com\/index.php\/wp-json\/wp\/v2\/posts"}],"about":[{"href":"https:\/\/adearlimousin.com\/index.php\/wp-json\/wp\/v2\/types\/post"}],"author":[{"embeddable":true,"href":"https:\/\/adearlimousin.com\/index.php\/wp-json\/wp\/v2\/users\/1"}],"replies":[{"embeddable":true,"href":"https:\/\/adearlimousin.com\/index.php\/wp-json\/wp\/v2\/comments?post=500"}],"version-history":[{"count":11,"href":"https:\/\/adearlimousin.com\/index.php\/wp-json\/wp\/v2\/posts\/500\/revisions"}],"predecessor-version":[{"id":513,"href":"https:\/\/adearlimousin.com\/index.php\/wp-json\/wp\/v2\/posts\/500\/revisions\/513"}],"wp:attachment":[{"href":"https:\/\/adearlimousin.com\/index.php\/wp-json\/wp\/v2\/media?parent=500"}],"wp:term":[{"taxonomy":"category","embeddable":true,"href":"https:\/\/adearlimousin.com\/index.php\/wp-json\/wp\/v2\/categories?post=500"},{"taxonomy":"post_tag","embeddable":true,"href":"https:\/\/adearlimousin.com\/index.php\/wp-json\/wp\/v2\/tags?post=500"}],"curies":[{"name":"wp","href":"https:\/\/api.w.org\/{rel}","templated":true}]}}