{"id":5098,"date":"2021-04-29T17:57:07","date_gmt":"2021-04-29T15:57:07","guid":{"rendered":"https:\/\/adearlimousin.com\/?p=5098"},"modified":"2021-05-26T15:46:04","modified_gmt":"2021-05-26T13:46:04","slug":"accueillir-un-stagiaire-du-stage-paysan-creatif-2022-chez-soi-cest-possible","status":"publish","type":"post","link":"https:\/\/adearlimousin.com\/index.php\/2021\/04\/29\/accueillir-un-stagiaire-du-stage-paysan-creatif-2022-chez-soi-cest-possible\/","title":{"rendered":"Accueillir un stagiaire du Stage Paysan Cr\u00e9atif 2022 chez soi, c&rsquo;est possible !"},"content":{"rendered":"\n<h4 class=\"wp-block-heading\">Le Stage Paysan Cr\u00e9atif, c&rsquo;est quoi ?<\/h4>\n\n\n\n<div class=\"wp-block-media-text alignwide has-media-on-the-right is-stacked-on-mobile\"><figure class=\"wp-block-media-text__media\"><img loading=\"lazy\" decoding=\"async\" width=\"598\" height=\"1024\" src=\"https:\/\/adearlimousin.com\/wp-content\/uploads\/2021\/05\/logo-InPACT-et-Region-NA-communication-598x1024.jpg\" alt=\"\" class=\"wp-image-5308 size-full\" srcset=\"https:\/\/adearlimousin.com\/wp-content\/uploads\/2021\/05\/logo-InPACT-et-Region-NA-communication-598x1024.jpg 598w, https:\/\/adearlimousin.com\/wp-content\/uploads\/2021\/05\/logo-InPACT-et-Region-NA-communication-175x300.jpg 175w, https:\/\/adearlimousin.com\/wp-content\/uploads\/2021\/05\/logo-InPACT-et-Region-NA-communication-768x1316.jpg 768w, https:\/\/adearlimousin.com\/wp-content\/uploads\/2021\/05\/logo-InPACT-et-Region-NA-communication-222x380.jpg 222w, https:\/\/adearlimousin.com\/wp-content\/uploads\/2021\/05\/logo-InPACT-et-Region-NA-communication.jpg 827w\" sizes=\"auto, (max-width: 598px) 100vw, 598px\" \/><\/figure><div class=\"wp-block-media-text__content\">\n<p>C\u2019est un dispositif de formation pour accompagner des personnes ayant un projet d&rsquo;installation en Limousin.<br>Les apprenants ont acc\u00e8s \u00e0 :<br>-10 mois de formation en situation de travail dans des fermes (f\u00e9vrier \u00e0 Novembre)<br>-des journ\u00e9es de formation collective \u00ab\u00a0Cr\u00e9er et g\u00e9rer une entreprise agricole\u00a0\u00bb<br>-du suivi individualis\u00e9 par les acteurs du r\u00e9seau InPACT du Limousin.<br><br><strong>Nous recherchons des fermes :<\/strong><br>-qui ont 2 ans d&rsquo;exp\u00e9rience<br>-qui sont sur le territoire limousin<br>-qui partagent les valeurs du r\u00e9seau InPACT<br>-qui souhaitent accueillir un apprenant entre 5 \u00e0 10 mois<br>-qui suivront l&rsquo;apprenant sur la dur\u00e9e du Stage Paysan Cr\u00e9atif (de F\u00e9vrier \u00e0 Novembre 2022).<\/p>\n<\/div><\/div>\n\n\n\n<p>Si vous \u00eates int\u00e9ress\u00e9s et que vous souhaitez en savoir plus, merci de nous envoyer un courriel avec vos coordonn\u00e9es et types de production <strong>avant le jeudi 20 mai 2021<\/strong><br>Une r\u00e9union t\u00e9l\u00e9phonique vous sera ensuite propos\u00e9e pour \u00e9changer<br><strong>Contact : melissak [at] adearlimousin.com<\/strong><\/p>\n\n\n\n<p><br><strong><span class=\"has-inline-color has-vivid-green-cyan-color\">&gt;&gt;&gt; En d\u00e9tail :<\/span><\/strong><br>L\u2019apprenant re\u00e7oit une indemnit\u00e9 dans le cadre de sa formation professionnelle (par le P\u00f4le Emploi ou le Conseil R\u00e9gional Nouvelle Aquitaine)<br>Les apprenants travaillent 35h par semaine (incluant les temps en suivi individuel avec le r\u00e9seau InPACT Limousin, les temps en entreprise et les journ\u00e9es de formation), et ont droit \u00e0 des cong\u00e9s sur ces 10 mois.<br>Les apprenants peuvent r\u00e9aliser jusqu&rsquo;\u00e0 3 stages diff\u00e9rents.<br>          <strong>Se positionner en \u00ab formateur \u00bb \/ les conditions :<\/strong><br>Il est attendu que les fermes accueillantes se positionnent en \u00ab formateurs \u00bb, ce qui implique :<br>La participation \u00e0 une formation d\u2019une journ\u00e9e sur la posture de formateur et l\u2019accueil d\u2019un stagiaire<br>La r\u00e9alisation de point mensuel avec l\u2019apprenant pour \u00e9changer sur les acquis du stage et les pistes d\u2019am\u00e9lioration.<br>La participation \u00e0 des \u00bd journ\u00e9es de suivi en trio (apprenant, accueillant, Adear) : 2 dans l\u2019ann\u00e9e qui ont lieu sur la ferme.<br>La participation au bilan du Stage Paysan Cr\u00e9atif (1\/2 journ\u00e9e en fin d\u2019ann\u00e9e).<br>          <strong>Point d\u2019attention :<\/strong><br>Suite aux retours et aux \u00e9changes, une liste de fermes souhaitant accueillir sera \u00e9tablie et transmise aux apprenants du stage paysan cr\u00e9atif de 2022 cherchant une ferme. Ils auront alors le loisir de vous contacter et d\u2019\u00e9changer avec vous sur un possible stage. La constitution de cette liste ne garantit pas aux fermes inscrites qu\u2019elles accueilleront au final un apprenant en 2022.<\/p>\n","protected":false},"excerpt":{"rendered":"<p>Le Stage Paysan Cr\u00e9atif, c&rsquo;est quoi ? C\u2019est un dispositif de formation pour accompagner des personnes ayant un projet d&rsquo;installation en Limousin.Les apprenants ont acc\u00e8s \u00e0 :-10 mois de formation &hellip; <a href=\"https:\/\/adearlimousin.com\/index.php\/2021\/04\/29\/accueillir-un-stagiaire-du-stage-paysan-creatif-2022-chez-soi-cest-possible\/\" class=\"more-link\">Lire la suite <span class=\"screen-reader-text\">Accueillir un stagiaire du Stage Paysan Cr\u00e9atif 2022 chez soi, c&rsquo;est possible !<\/span><\/a><\/p>\n","protected":false},"author":1,"featured_media":0,"comment_status":"closed","ping_status":"open","sticky":false,"template":"","format":"standard","meta":{"_uag_custom_page_level_css":"","_EventAllDay":false,"_EventTimezone":"","_EventStartDate":"","_EventEndDate":"","_EventStartDateUTC":"","_EventEndDateUTC":"","_EventShowMap":false,"_EventShowMapLink":false,"_EventURL":"","_EventCost":"","_EventCostDescription":"","_EventCurrencySymbol":"","_EventCurrencyCode":"","_EventCurrencyPosition":"","_EventDateTimeSeparator":"","_EventTimeRangeSeparator":"","_EventOrganizerID":[],"_EventVenueID":[],"_OrganizerEmail":"","_OrganizerPhone":"","_OrganizerWebsite":"","_VenueAddress":"","_VenueCity":"","_VenueCountry":"","_VenueProvince":"","_VenueState":"","_VenueZip":"","_VenuePhone":"","_VenueURL":"","_VenueStateProvince":"","_VenueLat":"","_VenueLng":"","_VenueShowMap":false,"_VenueShowMapLink":false,"_jetpack_memberships_contains_paid_content":false,"footnotes":"","jetpack_publicize_message":"","jetpack_publicize_feature_enabled":true,"jetpack_social_post_already_shared":true,"jetpack_social_options":{"image_generator_settings":{"template":"highway","default_image_id":0,"font":"","enabled":false},"version":2}},"categories":[1],"tags":[],"class_list":["post-5098","post","type-post","status-publish","format-standard","hentry","category-non-classe","without-featured-image"],"yoast_head":"<!-- This site is optimized with the Yoast SEO plugin v27.1.1 - https:\/\/yoast.com\/product\/yoast-seo-wordpress\/ -->\n<title>Accueillir un stagiaire du Stage Paysan Cr\u00e9atif 2022 chez soi, c&#039;est possible ! - ADEAR Limousin<\/title>\n<meta name=\"robots\" content=\"index, follow, max-snippet:-1, max-image-preview:large, max-video-preview:-1\" \/>\n<link rel=\"canonical\" href=\"https:\/\/adearlimousin.com\/index.php\/2021\/04\/29\/accueillir-un-stagiaire-du-stage-paysan-creatif-2022-chez-soi-cest-possible\/\" \/>\n<meta property=\"og:locale\" content=\"fr_FR\" \/>\n<meta property=\"og:type\" content=\"article\" \/>\n<meta property=\"og:title\" content=\"Accueillir un stagiaire du Stage Paysan Cr\u00e9atif 2022 chez soi, c&#039;est possible ! - ADEAR Limousin\" \/>\n<meta property=\"og:description\" content=\"Le Stage Paysan Cr\u00e9atif, c&rsquo;est quoi ? C\u2019est un dispositif de formation pour accompagner des personnes ayant un projet d&rsquo;installation en Limousin.Les apprenants ont acc\u00e8s \u00e0 :-10 mois de formation &hellip; Lire la suite Accueillir un stagiaire du Stage Paysan Cr\u00e9atif 2022 chez soi, c&rsquo;est possible !\" \/>\n<meta property=\"og:url\" content=\"https:\/\/adearlimousin.com\/index.php\/2021\/04\/29\/accueillir-un-stagiaire-du-stage-paysan-creatif-2022-chez-soi-cest-possible\/\" \/>\n<meta property=\"og:site_name\" content=\"ADEAR Limousin\" \/>\n<meta property=\"article:publisher\" content=\"https:\/\/www.facebook.com\/adearlimousin\" \/>\n<meta property=\"article:author\" content=\"www.facebook.com\/adearlimousin\" \/>\n<meta property=\"article:published_time\" content=\"2021-04-29T15:57:07+00:00\" \/>\n<meta property=\"article:modified_time\" content=\"2021-05-26T13:46:04+00:00\" \/>\n<meta property=\"og:image\" content=\"https:\/\/adearlimousin.com\/wp-content\/uploads\/2021\/05\/logo-InPACT-et-Region-NA-communication-598x1024.jpg\" \/>\n<meta name=\"author\" content=\"Adearlim\" \/>\n<meta name=\"twitter:card\" content=\"summary_large_image\" \/>\n<meta name=\"twitter:label1\" content=\"\u00c9crit par\" \/>\n\t<meta name=\"twitter:data1\" content=\"Adearlim\" \/>\n\t<meta name=\"twitter:label2\" content=\"Dur\u00e9e de lecture estim\u00e9e\" \/>\n\t<meta name=\"twitter:data2\" content=\"2 minutes\" \/>\n<script type=\"application\/ld+json\" class=\"yoast-schema-graph\">{\"@context\":\"https:\/\/schema.org\",\"@graph\":[{\"@type\":\"Article\",\"@id\":\"https:\/\/adearlimousin.com\/index.php\/2021\/04\/29\/accueillir-un-stagiaire-du-stage-paysan-creatif-2022-chez-soi-cest-possible\/#article\",\"isPartOf\":{\"@id\":\"https:\/\/adearlimousin.com\/index.php\/2021\/04\/29\/accueillir-un-stagiaire-du-stage-paysan-creatif-2022-chez-soi-cest-possible\/\"},\"author\":{\"name\":\"Adearlim\",\"@id\":\"https:\/\/adearlimousin.com\/#\/schema\/person\/4bb74e0bb3a7a85a5aaff17ff1e66915\"},\"headline\":\"Accueillir un stagiaire du Stage Paysan Cr\u00e9atif 2022 chez soi, c&rsquo;est possible !\",\"datePublished\":\"2021-04-29T15:57:07+00:00\",\"dateModified\":\"2021-05-26T13:46:04+00:00\",\"mainEntityOfPage\":{\"@id\":\"https:\/\/adearlimousin.com\/index.php\/2021\/04\/29\/accueillir-un-stagiaire-du-stage-paysan-creatif-2022-chez-soi-cest-possible\/\"},\"wordCount\":412,\"publisher\":{\"@id\":\"https:\/\/adearlimousin.com\/#organization\"},\"image\":{\"@id\":\"https:\/\/adearlimousin.com\/index.php\/2021\/04\/29\/accueillir-un-stagiaire-du-stage-paysan-creatif-2022-chez-soi-cest-possible\/#primaryimage\"},\"thumbnailUrl\":\"https:\/\/adearlimousin.com\/wp-content\/uploads\/2021\/05\/logo-InPACT-et-Region-NA-communication-598x1024.jpg\",\"inLanguage\":\"fr-FR\"},{\"@type\":\"WebPage\",\"@id\":\"https:\/\/adearlimousin.com\/index.php\/2021\/04\/29\/accueillir-un-stagiaire-du-stage-paysan-creatif-2022-chez-soi-cest-possible\/\",\"url\":\"https:\/\/adearlimousin.com\/index.php\/2021\/04\/29\/accueillir-un-stagiaire-du-stage-paysan-creatif-2022-chez-soi-cest-possible\/\",\"name\":\"Accueillir un stagiaire du Stage Paysan Cr\u00e9atif 2022 chez soi, c'est possible ! - ADEAR Limousin\",\"isPartOf\":{\"@id\":\"https:\/\/adearlimousin.com\/#website\"},\"primaryImageOfPage\":{\"@id\":\"https:\/\/adearlimousin.com\/index.php\/2021\/04\/29\/accueillir-un-stagiaire-du-stage-paysan-creatif-2022-chez-soi-cest-possible\/#primaryimage\"},\"image\":{\"@id\":\"https:\/\/adearlimousin.com\/index.php\/2021\/04\/29\/accueillir-un-stagiaire-du-stage-paysan-creatif-2022-chez-soi-cest-possible\/#primaryimage\"},\"thumbnailUrl\":\"https:\/\/adearlimousin.com\/wp-content\/uploads\/2021\/05\/logo-InPACT-et-Region-NA-communication-598x1024.jpg\",\"datePublished\":\"2021-04-29T15:57:07+00:00\",\"dateModified\":\"2021-05-26T13:46:04+00:00\",\"breadcrumb\":{\"@id\":\"https:\/\/adearlimousin.com\/index.php\/2021\/04\/29\/accueillir-un-stagiaire-du-stage-paysan-creatif-2022-chez-soi-cest-possible\/#breadcrumb\"},\"inLanguage\":\"fr-FR\",\"potentialAction\":[{\"@type\":\"ReadAction\",\"target\":[\"https:\/\/adearlimousin.com\/index.php\/2021\/04\/29\/accueillir-un-stagiaire-du-stage-paysan-creatif-2022-chez-soi-cest-possible\/\"]}]},{\"@type\":\"ImageObject\",\"inLanguage\":\"fr-FR\",\"@id\":\"https:\/\/adearlimousin.com\/index.php\/2021\/04\/29\/accueillir-un-stagiaire-du-stage-paysan-creatif-2022-chez-soi-cest-possible\/#primaryimage\",\"url\":\"https:\/\/adearlimousin.com\/wp-content\/uploads\/2021\/05\/logo-InPACT-et-Region-NA-communication.jpg\",\"contentUrl\":\"https:\/\/adearlimousin.com\/wp-content\/uploads\/2021\/05\/logo-InPACT-et-Region-NA-communication.jpg\",\"width\":827,\"height\":1417},{\"@type\":\"BreadcrumbList\",\"@id\":\"https:\/\/adearlimousin.com\/index.php\/2021\/04\/29\/accueillir-un-stagiaire-du-stage-paysan-creatif-2022-chez-soi-cest-possible\/#breadcrumb\",\"itemListElement\":[{\"@type\":\"ListItem\",\"position\":1,\"name\":\"Accueil\",\"item\":\"https:\/\/adearlimousin.com\/\"},{\"@type\":\"ListItem\",\"position\":2,\"name\":\"Accueillir un stagiaire du Stage Paysan Cr\u00e9atif 2022 chez soi, c&rsquo;est possible !\"}]},{\"@type\":\"WebSite\",\"@id\":\"https:\/\/adearlimousin.com\/#website\",\"url\":\"https:\/\/adearlimousin.com\/\",\"name\":\"ADEAR Limousin\",\"description\":\"\u00catre paysan\u00b7ne en Limousin\",\"publisher\":{\"@id\":\"https:\/\/adearlimousin.com\/#organization\"},\"potentialAction\":[{\"@type\":\"SearchAction\",\"target\":{\"@type\":\"EntryPoint\",\"urlTemplate\":\"https:\/\/adearlimousin.com\/?s={search_term_string}\"},\"query-input\":{\"@type\":\"PropertyValueSpecification\",\"valueRequired\":true,\"valueName\":\"search_term_string\"}}],\"inLanguage\":\"fr-FR\"},{\"@type\":\"Organization\",\"@id\":\"https:\/\/adearlimousin.com\/#organization\",\"name\":\"Adear Limousin\",\"url\":\"https:\/\/adearlimousin.com\/\",\"logo\":{\"@type\":\"ImageObject\",\"inLanguage\":\"fr-FR\",\"@id\":\"https:\/\/adearlimousin.com\/#\/schema\/logo\/image\/\",\"url\":\"https:\/\/adearlimousin.com\/wp-content\/uploads\/2017\/04\/ADEARLimousin-RAP_V14cm.jpg\",\"contentUrl\":\"https:\/\/adearlimousin.com\/wp-content\/uploads\/2017\/04\/ADEARLimousin-RAP_V14cm.jpg\",\"width\":142,\"height\":118,\"caption\":\"Adear Limousin\"},\"image\":{\"@id\":\"https:\/\/adearlimousin.com\/#\/schema\/logo\/image\/\"},\"sameAs\":[\"https:\/\/www.facebook.com\/adearlimousin\"]},{\"@type\":\"Person\",\"@id\":\"https:\/\/adearlimousin.com\/#\/schema\/person\/4bb74e0bb3a7a85a5aaff17ff1e66915\",\"name\":\"Adearlim\",\"image\":{\"@type\":\"ImageObject\",\"inLanguage\":\"fr-FR\",\"@id\":\"https:\/\/adearlimousin.com\/#\/schema\/person\/image\/\",\"url\":\"https:\/\/secure.gravatar.com\/avatar\/b430ec7ba00b35d85d2ee0d6e5c02ad0bb6da2807681e933a2bc9f5a75dc7b21?s=96&d=mm&r=g\",\"contentUrl\":\"https:\/\/secure.gravatar.com\/avatar\/b430ec7ba00b35d85d2ee0d6e5c02ad0bb6da2807681e933a2bc9f5a75dc7b21?s=96&d=mm&r=g\",\"caption\":\"Adearlim\"},\"sameAs\":[\"www.facebook.com\/adearlimousin\"]}]}<\/script>\n<!-- \/ Yoast SEO plugin. -->","yoast_head_json":{"title":"Accueillir un stagiaire du Stage Paysan Cr\u00e9atif 2022 chez soi, c'est possible ! - ADEAR Limousin","robots":{"index":"index","follow":"follow","max-snippet":"max-snippet:-1","max-image-preview":"max-image-preview:large","max-video-preview":"max-video-preview:-1"},"canonical":"https:\/\/adearlimousin.com\/index.php\/2021\/04\/29\/accueillir-un-stagiaire-du-stage-paysan-creatif-2022-chez-soi-cest-possible\/","og_locale":"fr_FR","og_type":"article","og_title":"Accueillir un stagiaire du Stage Paysan Cr\u00e9atif 2022 chez soi, c'est possible ! - ADEAR Limousin","og_description":"Le Stage Paysan Cr\u00e9atif, c&rsquo;est quoi ? C\u2019est un dispositif de formation pour accompagner des personnes ayant un projet d&rsquo;installation en Limousin.Les apprenants ont acc\u00e8s \u00e0 :-10 mois de formation &hellip; Lire la suite Accueillir un stagiaire du Stage Paysan Cr\u00e9atif 2022 chez soi, c&rsquo;est possible !","og_url":"https:\/\/adearlimousin.com\/index.php\/2021\/04\/29\/accueillir-un-stagiaire-du-stage-paysan-creatif-2022-chez-soi-cest-possible\/","og_site_name":"ADEAR Limousin","article_publisher":"https:\/\/www.facebook.com\/adearlimousin","article_author":"www.facebook.com\/adearlimousin","article_published_time":"2021-04-29T15:57:07+00:00","article_modified_time":"2021-05-26T13:46:04+00:00","og_image":[{"url":"https:\/\/adearlimousin.com\/wp-content\/uploads\/2021\/05\/logo-InPACT-et-Region-NA-communication-598x1024.jpg","type":"","width":"","height":""}],"author":"Adearlim","twitter_card":"summary_large_image","twitter_misc":{"\u00c9crit par":"Adearlim","Dur\u00e9e de lecture estim\u00e9e":"2 minutes"},"schema":{"@context":"https:\/\/schema.org","@graph":[{"@type":"Article","@id":"https:\/\/adearlimousin.com\/index.php\/2021\/04\/29\/accueillir-un-stagiaire-du-stage-paysan-creatif-2022-chez-soi-cest-possible\/#article","isPartOf":{"@id":"https:\/\/adearlimousin.com\/index.php\/2021\/04\/29\/accueillir-un-stagiaire-du-stage-paysan-creatif-2022-chez-soi-cest-possible\/"},"author":{"name":"Adearlim","@id":"https:\/\/adearlimousin.com\/#\/schema\/person\/4bb74e0bb3a7a85a5aaff17ff1e66915"},"headline":"Accueillir un stagiaire du Stage Paysan Cr\u00e9atif 2022 chez soi, c&rsquo;est possible !","datePublished":"2021-04-29T15:57:07+00:00","dateModified":"2021-05-26T13:46:04+00:00","mainEntityOfPage":{"@id":"https:\/\/adearlimousin.com\/index.php\/2021\/04\/29\/accueillir-un-stagiaire-du-stage-paysan-creatif-2022-chez-soi-cest-possible\/"},"wordCount":412,"publisher":{"@id":"https:\/\/adearlimousin.com\/#organization"},"image":{"@id":"https:\/\/adearlimousin.com\/index.php\/2021\/04\/29\/accueillir-un-stagiaire-du-stage-paysan-creatif-2022-chez-soi-cest-possible\/#primaryimage"},"thumbnailUrl":"https:\/\/adearlimousin.com\/wp-content\/uploads\/2021\/05\/logo-InPACT-et-Region-NA-communication-598x1024.jpg","inLanguage":"fr-FR"},{"@type":"WebPage","@id":"https:\/\/adearlimousin.com\/index.php\/2021\/04\/29\/accueillir-un-stagiaire-du-stage-paysan-creatif-2022-chez-soi-cest-possible\/","url":"https:\/\/adearlimousin.com\/index.php\/2021\/04\/29\/accueillir-un-stagiaire-du-stage-paysan-creatif-2022-chez-soi-cest-possible\/","name":"Accueillir un stagiaire du Stage Paysan Cr\u00e9atif 2022 chez soi, c'est possible ! - ADEAR Limousin","isPartOf":{"@id":"https:\/\/adearlimousin.com\/#website"},"primaryImageOfPage":{"@id":"https:\/\/adearlimousin.com\/index.php\/2021\/04\/29\/accueillir-un-stagiaire-du-stage-paysan-creatif-2022-chez-soi-cest-possible\/#primaryimage"},"image":{"@id":"https:\/\/adearlimousin.com\/index.php\/2021\/04\/29\/accueillir-un-stagiaire-du-stage-paysan-creatif-2022-chez-soi-cest-possible\/#primaryimage"},"thumbnailUrl":"https:\/\/adearlimousin.com\/wp-content\/uploads\/2021\/05\/logo-InPACT-et-Region-NA-communication-598x1024.jpg","datePublished":"2021-04-29T15:57:07+00:00","dateModified":"2021-05-26T13:46:04+00:00","breadcrumb":{"@id":"https:\/\/adearlimousin.com\/index.php\/2021\/04\/29\/accueillir-un-stagiaire-du-stage-paysan-creatif-2022-chez-soi-cest-possible\/#breadcrumb"},"inLanguage":"fr-FR","potentialAction":[{"@type":"ReadAction","target":["https:\/\/adearlimousin.com\/index.php\/2021\/04\/29\/accueillir-un-stagiaire-du-stage-paysan-creatif-2022-chez-soi-cest-possible\/"]}]},{"@type":"ImageObject","inLanguage":"fr-FR","@id":"https:\/\/adearlimousin.com\/index.php\/2021\/04\/29\/accueillir-un-stagiaire-du-stage-paysan-creatif-2022-chez-soi-cest-possible\/#primaryimage","url":"https:\/\/adearlimousin.com\/wp-content\/uploads\/2021\/05\/logo-InPACT-et-Region-NA-communication.jpg","contentUrl":"https:\/\/adearlimousin.com\/wp-content\/uploads\/2021\/05\/logo-InPACT-et-Region-NA-communication.jpg","width":827,"height":1417},{"@type":"BreadcrumbList","@id":"https:\/\/adearlimousin.com\/index.php\/2021\/04\/29\/accueillir-un-stagiaire-du-stage-paysan-creatif-2022-chez-soi-cest-possible\/#breadcrumb","itemListElement":[{"@type":"ListItem","position":1,"name":"Accueil","item":"https:\/\/adearlimousin.com\/"},{"@type":"ListItem","position":2,"name":"Accueillir un stagiaire du Stage Paysan Cr\u00e9atif 2022 chez soi, c&rsquo;est possible !"}]},{"@type":"WebSite","@id":"https:\/\/adearlimousin.com\/#website","url":"https:\/\/adearlimousin.com\/","name":"ADEAR Limousin","description":"\u00catre paysan\u00b7ne en Limousin","publisher":{"@id":"https:\/\/adearlimousin.com\/#organization"},"potentialAction":[{"@type":"SearchAction","target":{"@type":"EntryPoint","urlTemplate":"https:\/\/adearlimousin.com\/?s={search_term_string}"},"query-input":{"@type":"PropertyValueSpecification","valueRequired":true,"valueName":"search_term_string"}}],"inLanguage":"fr-FR"},{"@type":"Organization","@id":"https:\/\/adearlimousin.com\/#organization","name":"Adear Limousin","url":"https:\/\/adearlimousin.com\/","logo":{"@type":"ImageObject","inLanguage":"fr-FR","@id":"https:\/\/adearlimousin.com\/#\/schema\/logo\/image\/","url":"https:\/\/adearlimousin.com\/wp-content\/uploads\/2017\/04\/ADEARLimousin-RAP_V14cm.jpg","contentUrl":"https:\/\/adearlimousin.com\/wp-content\/uploads\/2017\/04\/ADEARLimousin-RAP_V14cm.jpg","width":142,"height":118,"caption":"Adear Limousin"},"image":{"@id":"https:\/\/adearlimousin.com\/#\/schema\/logo\/image\/"},"sameAs":["https:\/\/www.facebook.com\/adearlimousin"]},{"@type":"Person","@id":"https:\/\/adearlimousin.com\/#\/schema\/person\/4bb74e0bb3a7a85a5aaff17ff1e66915","name":"Adearlim","image":{"@type":"ImageObject","inLanguage":"fr-FR","@id":"https:\/\/adearlimousin.com\/#\/schema\/person\/image\/","url":"https:\/\/secure.gravatar.com\/avatar\/b430ec7ba00b35d85d2ee0d6e5c02ad0bb6da2807681e933a2bc9f5a75dc7b21?s=96&d=mm&r=g","contentUrl":"https:\/\/secure.gravatar.com\/avatar\/b430ec7ba00b35d85d2ee0d6e5c02ad0bb6da2807681e933a2bc9f5a75dc7b21?s=96&d=mm&r=g","caption":"Adearlim"},"sameAs":["www.facebook.com\/adearlimousin"]}]}},"jetpack_publicize_connections":[],"jetpack_featured_media_url":"","uagb_featured_image_src":{"full":false,"thumbnail":false,"medium":false,"medium_large":false,"large":false,"1536x1536":false,"2048x2048":false,"post-thumbnail":false,"sela-hero-thumbnail":false,"sela-page-thumbnail":false,"sela-grid-thumbnail":false,"sela-testimonial-thumbnail":false,"sela-logo":false},"uagb_author_info":{"display_name":"Adearlim","author_link":"https:\/\/adearlimousin.com\/index.php\/author\/admin3869\/"},"uagb_comment_info":0,"uagb_excerpt":"Le Stage Paysan Cr\u00e9atif, c&rsquo;est quoi ? C\u2019est un dispositif de formation pour accompagner des personnes ayant un projet d&rsquo;installation en Limousin.Les apprenants ont acc\u00e8s \u00e0 :-10 mois de formation &hellip; Lire la suite Accueillir un stagiaire du Stage Paysan Cr\u00e9atif 2022 chez soi, c&rsquo;est possible !","jetpack_sharing_enabled":true,"jetpack_shortlink":"https:\/\/wp.me\/p8DPFj-1ke","jetpack_likes_enabled":false,"_links":{"self":[{"href":"https:\/\/adearlimousin.com\/index.php\/wp-json\/wp\/v2\/posts\/5098","targetHints":{"allow":["GET"]}}],"collection":[{"href":"https:\/\/adearlimousin.com\/index.php\/wp-json\/wp\/v2\/posts"}],"about":[{"href":"https:\/\/adearlimousin.com\/index.php\/wp-json\/wp\/v2\/types\/post"}],"author":[{"embeddable":true,"href":"https:\/\/adearlimousin.com\/index.php\/wp-json\/wp\/v2\/users\/1"}],"replies":[{"embeddable":true,"href":"https:\/\/adearlimousin.com\/index.php\/wp-json\/wp\/v2\/comments?post=5098"}],"version-history":[{"count":9,"href":"https:\/\/adearlimousin.com\/index.php\/wp-json\/wp\/v2\/posts\/5098\/revisions"}],"predecessor-version":[{"id":5313,"href":"https:\/\/adearlimousin.com\/index.php\/wp-json\/wp\/v2\/posts\/5098\/revisions\/5313"}],"wp:attachment":[{"href":"https:\/\/adearlimousin.com\/index.php\/wp-json\/wp\/v2\/media?parent=5098"}],"wp:term":[{"taxonomy":"category","embeddable":true,"href":"https:\/\/adearlimousin.com\/index.php\/wp-json\/wp\/v2\/categories?post=5098"},{"taxonomy":"post_tag","embeddable":true,"href":"https:\/\/adearlimousin.com\/index.php\/wp-json\/wp\/v2\/tags?post=5098"}],"curies":[{"name":"wp","href":"https:\/\/api.w.org\/{rel}","templated":true}]}}