{"id":5811,"date":"2021-10-19T18:58:44","date_gmt":"2021-10-19T16:58:44","guid":{"rendered":"https:\/\/adearlimousin.com\/?p=5811"},"modified":"2021-10-20T12:29:03","modified_gmt":"2021-10-20T10:29:03","slug":"oter-9-hectares-a-lindustrialisation-de-la-nature","status":"publish","type":"post","link":"https:\/\/adearlimousin.com\/index.php\/2021\/10\/19\/oter-9-hectares-a-lindustrialisation-de-la-nature\/","title":{"rendered":"\u00d4ter 9 hectares \u00e0 l&rsquo;industrialisation de la Nature"},"content":{"rendered":"\n<p>Install\u00e9s depuis presque deux ans en Haute-Vienne \u00e0 Javerdat, Marie-Ange et Thibaut ont le souhait de prot\u00e9ger le patrimoine naturel tout en d\u00e9veloppant des ateliers de production, c&rsquo;est pourquoi ils <strong>cr\u00e9ent de mani\u00e8re progressive leur microferme afin de promouvoir les atouts de la ruralit\u00e9 et du monde paysan<\/strong>.<\/p>\n\n\n\n<p><em>\u00ab\u00a0Sur le long terme, nous voulons mettre en place un verger conservatoire de vari\u00e9t\u00e9s anciennes, des p\u00e2turages extensifs pour notre troupeau de brebis\/ch\u00e8vres et conserver ce qui reste du bocage limousin et de son r\u00e9seau de haies et de for\u00eats. Conserver les savoir-faire et notre environnement est notre priorit\u00e9.\u00a0\u00bb<\/em><\/p>\n\n\n\n<p>Vous pouvez les soutenir dans leur <a href=\"https:\/\/www.miimosa.com\/fr\/projects\/otons-9-hectares-a-l-industrialisation-de-la-nature?l=fr\" target=\"_blank\" rel=\"noreferrer noopener\">financement participatif<\/a>.<\/p>\n\n\n\n<figure class=\"wp-block-image size-large\"><img loading=\"lazy\" decoding=\"async\" width=\"1024\" height=\"680\" src=\"https:\/\/adearlimousin.com\/wp-content\/uploads\/2021\/10\/Marie-Ange-et-Thibaut-Javerdat-1024x680.png\" alt=\"\" class=\"wp-image-5812\" srcset=\"https:\/\/adearlimousin.com\/wp-content\/uploads\/2021\/10\/Marie-Ange-et-Thibaut-Javerdat-1024x680.png 1024w, https:\/\/adearlimousin.com\/wp-content\/uploads\/2021\/10\/Marie-Ange-et-Thibaut-Javerdat-300x199.png 300w, https:\/\/adearlimousin.com\/wp-content\/uploads\/2021\/10\/Marie-Ange-et-Thibaut-Javerdat-768x510.png 768w, https:\/\/adearlimousin.com\/wp-content\/uploads\/2021\/10\/Marie-Ange-et-Thibaut-Javerdat-572x380.png 572w, https:\/\/adearlimousin.com\/wp-content\/uploads\/2021\/10\/Marie-Ange-et-Thibaut-Javerdat.png 1280w\" sizes=\"auto, (max-width: 1024px) 100vw, 1024px\" \/><\/figure>\n","protected":false},"excerpt":{"rendered":"<p>Install\u00e9s depuis presque deux ans en Haute-Vienne \u00e0 Javerdat, Marie-Ange et Thibaut ont le souhait de prot\u00e9ger le patrimoine naturel tout en d\u00e9veloppant des ateliers de production, c&rsquo;est pourquoi ils &hellip; <a href=\"https:\/\/adearlimousin.com\/index.php\/2021\/10\/19\/oter-9-hectares-a-lindustrialisation-de-la-nature\/\" class=\"more-link\">Lire la suite <span class=\"screen-reader-text\">\u00d4ter 9 hectares \u00e0 l&rsquo;industrialisation de la Nature<\/span><\/a><\/p>\n","protected":false},"author":1,"featured_media":0,"comment_status":"closed","ping_status":"open","sticky":false,"template":"","format":"standard","meta":{"_uag_custom_page_level_css":"","_EventAllDay":false,"_EventTimezone":"","_EventStartDate":"","_EventEndDate":"","_EventStartDateUTC":"","_EventEndDateUTC":"","_EventShowMap":false,"_EventShowMapLink":false,"_EventURL":"","_EventCost":"","_EventCostDescription":"","_EventCurrencySymbol":"","_EventCurrencyCode":"","_EventCurrencyPosition":"","_EventDateTimeSeparator":"","_EventTimeRangeSeparator":"","_EventOrganizerID":[],"_EventVenueID":[],"_OrganizerEmail":"","_OrganizerPhone":"","_OrganizerWebsite":"","_VenueAddress":"","_VenueCity":"","_VenueCountry":"","_VenueProvince":"","_VenueState":"","_VenueZip":"","_VenuePhone":"","_VenueURL":"","_VenueStateProvince":"","_VenueLat":"","_VenueLng":"","_VenueShowMap":false,"_VenueShowMapLink":false,"_jetpack_memberships_contains_paid_content":false,"footnotes":"","jetpack_publicize_message":"","jetpack_publicize_feature_enabled":true,"jetpack_social_post_already_shared":true,"jetpack_social_options":{"image_generator_settings":{"template":"highway","default_image_id":0,"font":"","enabled":false},"version":2}},"categories":[2],"tags":[25],"class_list":["post-5811","post","type-post","status-publish","format-standard","hentry","category-actus","tag-haute-vienne","without-featured-image"],"yoast_head":"<!-- This site is optimized with the Yoast SEO plugin v27.1.1 - https:\/\/yoast.com\/product\/yoast-seo-wordpress\/ -->\n<title>\u00d4ter 9 hectares \u00e0 l&#039;industrialisation de la Nature - ADEAR Limousin<\/title>\n<meta name=\"robots\" content=\"index, follow, max-snippet:-1, max-image-preview:large, max-video-preview:-1\" \/>\n<link rel=\"canonical\" href=\"https:\/\/adearlimousin.com\/index.php\/2021\/10\/19\/oter-9-hectares-a-lindustrialisation-de-la-nature\/\" \/>\n<meta property=\"og:locale\" content=\"fr_FR\" \/>\n<meta property=\"og:type\" content=\"article\" \/>\n<meta property=\"og:title\" content=\"\u00d4ter 9 hectares \u00e0 l&#039;industrialisation de la Nature - ADEAR Limousin\" \/>\n<meta property=\"og:description\" content=\"Install\u00e9s depuis presque deux ans en Haute-Vienne \u00e0 Javerdat, Marie-Ange et Thibaut ont le souhait de prot\u00e9ger le patrimoine naturel tout en d\u00e9veloppant des ateliers de production, c&rsquo;est pourquoi ils &hellip; Lire la suite \u00d4ter 9 hectares \u00e0 l&rsquo;industrialisation de la Nature\" \/>\n<meta property=\"og:url\" content=\"https:\/\/adearlimousin.com\/index.php\/2021\/10\/19\/oter-9-hectares-a-lindustrialisation-de-la-nature\/\" \/>\n<meta property=\"og:site_name\" content=\"ADEAR Limousin\" \/>\n<meta property=\"article:publisher\" content=\"https:\/\/www.facebook.com\/adearlimousin\" \/>\n<meta property=\"article:author\" content=\"www.facebook.com\/adearlimousin\" \/>\n<meta property=\"article:published_time\" content=\"2021-10-19T16:58:44+00:00\" \/>\n<meta property=\"article:modified_time\" content=\"2021-10-20T10:29:03+00:00\" \/>\n<meta property=\"og:image\" content=\"https:\/\/adearlimousin.com\/wp-content\/uploads\/2021\/10\/Marie-Ange-et-Thibaut-Javerdat-1024x680.png\" \/>\n<meta name=\"author\" content=\"Adearlim\" \/>\n<meta name=\"twitter:card\" content=\"summary_large_image\" \/>\n<meta name=\"twitter:label1\" content=\"\u00c9crit par\" \/>\n\t<meta name=\"twitter:data1\" content=\"Adearlim\" \/>\n\t<meta name=\"twitter:label2\" content=\"Dur\u00e9e de lecture estim\u00e9e\" \/>\n\t<meta name=\"twitter:data2\" content=\"1 minute\" \/>\n<script type=\"application\/ld+json\" class=\"yoast-schema-graph\">{\"@context\":\"https:\/\/schema.org\",\"@graph\":[{\"@type\":\"Article\",\"@id\":\"https:\/\/adearlimousin.com\/index.php\/2021\/10\/19\/oter-9-hectares-a-lindustrialisation-de-la-nature\/#article\",\"isPartOf\":{\"@id\":\"https:\/\/adearlimousin.com\/index.php\/2021\/10\/19\/oter-9-hectares-a-lindustrialisation-de-la-nature\/\"},\"author\":{\"name\":\"Adearlim\",\"@id\":\"https:\/\/adearlimousin.com\/#\/schema\/person\/4bb74e0bb3a7a85a5aaff17ff1e66915\"},\"headline\":\"\u00d4ter 9 hectares \u00e0 l&rsquo;industrialisation de la Nature\",\"datePublished\":\"2021-10-19T16:58:44+00:00\",\"dateModified\":\"2021-10-20T10:29:03+00:00\",\"mainEntityOfPage\":{\"@id\":\"https:\/\/adearlimousin.com\/index.php\/2021\/10\/19\/oter-9-hectares-a-lindustrialisation-de-la-nature\/\"},\"wordCount\":122,\"publisher\":{\"@id\":\"https:\/\/adearlimousin.com\/#organization\"},\"image\":{\"@id\":\"https:\/\/adearlimousin.com\/index.php\/2021\/10\/19\/oter-9-hectares-a-lindustrialisation-de-la-nature\/#primaryimage\"},\"thumbnailUrl\":\"https:\/\/adearlimousin.com\/wp-content\/uploads\/2021\/10\/Marie-Ange-et-Thibaut-Javerdat-1024x680.png\",\"keywords\":[\"Haute-Vienne\"],\"articleSection\":[\"Actus\"],\"inLanguage\":\"fr-FR\"},{\"@type\":\"WebPage\",\"@id\":\"https:\/\/adearlimousin.com\/index.php\/2021\/10\/19\/oter-9-hectares-a-lindustrialisation-de-la-nature\/\",\"url\":\"https:\/\/adearlimousin.com\/index.php\/2021\/10\/19\/oter-9-hectares-a-lindustrialisation-de-la-nature\/\",\"name\":\"\u00d4ter 9 hectares \u00e0 l'industrialisation de la Nature - ADEAR Limousin\",\"isPartOf\":{\"@id\":\"https:\/\/adearlimousin.com\/#website\"},\"primaryImageOfPage\":{\"@id\":\"https:\/\/adearlimousin.com\/index.php\/2021\/10\/19\/oter-9-hectares-a-lindustrialisation-de-la-nature\/#primaryimage\"},\"image\":{\"@id\":\"https:\/\/adearlimousin.com\/index.php\/2021\/10\/19\/oter-9-hectares-a-lindustrialisation-de-la-nature\/#primaryimage\"},\"thumbnailUrl\":\"https:\/\/adearlimousin.com\/wp-content\/uploads\/2021\/10\/Marie-Ange-et-Thibaut-Javerdat-1024x680.png\",\"datePublished\":\"2021-10-19T16:58:44+00:00\",\"dateModified\":\"2021-10-20T10:29:03+00:00\",\"breadcrumb\":{\"@id\":\"https:\/\/adearlimousin.com\/index.php\/2021\/10\/19\/oter-9-hectares-a-lindustrialisation-de-la-nature\/#breadcrumb\"},\"inLanguage\":\"fr-FR\",\"potentialAction\":[{\"@type\":\"ReadAction\",\"target\":[\"https:\/\/adearlimousin.com\/index.php\/2021\/10\/19\/oter-9-hectares-a-lindustrialisation-de-la-nature\/\"]}]},{\"@type\":\"ImageObject\",\"inLanguage\":\"fr-FR\",\"@id\":\"https:\/\/adearlimousin.com\/index.php\/2021\/10\/19\/oter-9-hectares-a-lindustrialisation-de-la-nature\/#primaryimage\",\"url\":\"https:\/\/adearlimousin.com\/wp-content\/uploads\/2021\/10\/Marie-Ange-et-Thibaut-Javerdat.png\",\"contentUrl\":\"https:\/\/adearlimousin.com\/wp-content\/uploads\/2021\/10\/Marie-Ange-et-Thibaut-Javerdat.png\",\"width\":1280,\"height\":850},{\"@type\":\"BreadcrumbList\",\"@id\":\"https:\/\/adearlimousin.com\/index.php\/2021\/10\/19\/oter-9-hectares-a-lindustrialisation-de-la-nature\/#breadcrumb\",\"itemListElement\":[{\"@type\":\"ListItem\",\"position\":1,\"name\":\"Accueil\",\"item\":\"https:\/\/adearlimousin.com\/\"},{\"@type\":\"ListItem\",\"position\":2,\"name\":\"\u00d4ter 9 hectares \u00e0 l&rsquo;industrialisation de la Nature\"}]},{\"@type\":\"WebSite\",\"@id\":\"https:\/\/adearlimousin.com\/#website\",\"url\":\"https:\/\/adearlimousin.com\/\",\"name\":\"ADEAR Limousin\",\"description\":\"\u00catre paysan\u00b7ne en Limousin\",\"publisher\":{\"@id\":\"https:\/\/adearlimousin.com\/#organization\"},\"potentialAction\":[{\"@type\":\"SearchAction\",\"target\":{\"@type\":\"EntryPoint\",\"urlTemplate\":\"https:\/\/adearlimousin.com\/?s={search_term_string}\"},\"query-input\":{\"@type\":\"PropertyValueSpecification\",\"valueRequired\":true,\"valueName\":\"search_term_string\"}}],\"inLanguage\":\"fr-FR\"},{\"@type\":\"Organization\",\"@id\":\"https:\/\/adearlimousin.com\/#organization\",\"name\":\"Adear Limousin\",\"url\":\"https:\/\/adearlimousin.com\/\",\"logo\":{\"@type\":\"ImageObject\",\"inLanguage\":\"fr-FR\",\"@id\":\"https:\/\/adearlimousin.com\/#\/schema\/logo\/image\/\",\"url\":\"https:\/\/adearlimousin.com\/wp-content\/uploads\/2017\/04\/ADEARLimousin-RAP_V14cm.jpg\",\"contentUrl\":\"https:\/\/adearlimousin.com\/wp-content\/uploads\/2017\/04\/ADEARLimousin-RAP_V14cm.jpg\",\"width\":142,\"height\":118,\"caption\":\"Adear Limousin\"},\"image\":{\"@id\":\"https:\/\/adearlimousin.com\/#\/schema\/logo\/image\/\"},\"sameAs\":[\"https:\/\/www.facebook.com\/adearlimousin\"]},{\"@type\":\"Person\",\"@id\":\"https:\/\/adearlimousin.com\/#\/schema\/person\/4bb74e0bb3a7a85a5aaff17ff1e66915\",\"name\":\"Adearlim\",\"image\":{\"@type\":\"ImageObject\",\"inLanguage\":\"fr-FR\",\"@id\":\"https:\/\/adearlimousin.com\/#\/schema\/person\/image\/\",\"url\":\"https:\/\/secure.gravatar.com\/avatar\/b430ec7ba00b35d85d2ee0d6e5c02ad0bb6da2807681e933a2bc9f5a75dc7b21?s=96&d=mm&r=g\",\"contentUrl\":\"https:\/\/secure.gravatar.com\/avatar\/b430ec7ba00b35d85d2ee0d6e5c02ad0bb6da2807681e933a2bc9f5a75dc7b21?s=96&d=mm&r=g\",\"caption\":\"Adearlim\"},\"sameAs\":[\"www.facebook.com\/adearlimousin\"]}]}<\/script>\n<!-- \/ Yoast SEO plugin. -->","yoast_head_json":{"title":"\u00d4ter 9 hectares \u00e0 l'industrialisation de la Nature - ADEAR Limousin","robots":{"index":"index","follow":"follow","max-snippet":"max-snippet:-1","max-image-preview":"max-image-preview:large","max-video-preview":"max-video-preview:-1"},"canonical":"https:\/\/adearlimousin.com\/index.php\/2021\/10\/19\/oter-9-hectares-a-lindustrialisation-de-la-nature\/","og_locale":"fr_FR","og_type":"article","og_title":"\u00d4ter 9 hectares \u00e0 l'industrialisation de la Nature - ADEAR Limousin","og_description":"Install\u00e9s depuis presque deux ans en Haute-Vienne \u00e0 Javerdat, Marie-Ange et Thibaut ont le souhait de prot\u00e9ger le patrimoine naturel tout en d\u00e9veloppant des ateliers de production, c&rsquo;est pourquoi ils &hellip; Lire la suite \u00d4ter 9 hectares \u00e0 l&rsquo;industrialisation de la Nature","og_url":"https:\/\/adearlimousin.com\/index.php\/2021\/10\/19\/oter-9-hectares-a-lindustrialisation-de-la-nature\/","og_site_name":"ADEAR Limousin","article_publisher":"https:\/\/www.facebook.com\/adearlimousin","article_author":"www.facebook.com\/adearlimousin","article_published_time":"2021-10-19T16:58:44+00:00","article_modified_time":"2021-10-20T10:29:03+00:00","og_image":[{"url":"https:\/\/adearlimousin.com\/wp-content\/uploads\/2021\/10\/Marie-Ange-et-Thibaut-Javerdat-1024x680.png","type":"","width":"","height":""}],"author":"Adearlim","twitter_card":"summary_large_image","twitter_misc":{"\u00c9crit par":"Adearlim","Dur\u00e9e de lecture estim\u00e9e":"1 minute"},"schema":{"@context":"https:\/\/schema.org","@graph":[{"@type":"Article","@id":"https:\/\/adearlimousin.com\/index.php\/2021\/10\/19\/oter-9-hectares-a-lindustrialisation-de-la-nature\/#article","isPartOf":{"@id":"https:\/\/adearlimousin.com\/index.php\/2021\/10\/19\/oter-9-hectares-a-lindustrialisation-de-la-nature\/"},"author":{"name":"Adearlim","@id":"https:\/\/adearlimousin.com\/#\/schema\/person\/4bb74e0bb3a7a85a5aaff17ff1e66915"},"headline":"\u00d4ter 9 hectares \u00e0 l&rsquo;industrialisation de la Nature","datePublished":"2021-10-19T16:58:44+00:00","dateModified":"2021-10-20T10:29:03+00:00","mainEntityOfPage":{"@id":"https:\/\/adearlimousin.com\/index.php\/2021\/10\/19\/oter-9-hectares-a-lindustrialisation-de-la-nature\/"},"wordCount":122,"publisher":{"@id":"https:\/\/adearlimousin.com\/#organization"},"image":{"@id":"https:\/\/adearlimousin.com\/index.php\/2021\/10\/19\/oter-9-hectares-a-lindustrialisation-de-la-nature\/#primaryimage"},"thumbnailUrl":"https:\/\/adearlimousin.com\/wp-content\/uploads\/2021\/10\/Marie-Ange-et-Thibaut-Javerdat-1024x680.png","keywords":["Haute-Vienne"],"articleSection":["Actus"],"inLanguage":"fr-FR"},{"@type":"WebPage","@id":"https:\/\/adearlimousin.com\/index.php\/2021\/10\/19\/oter-9-hectares-a-lindustrialisation-de-la-nature\/","url":"https:\/\/adearlimousin.com\/index.php\/2021\/10\/19\/oter-9-hectares-a-lindustrialisation-de-la-nature\/","name":"\u00d4ter 9 hectares \u00e0 l'industrialisation de la Nature - ADEAR Limousin","isPartOf":{"@id":"https:\/\/adearlimousin.com\/#website"},"primaryImageOfPage":{"@id":"https:\/\/adearlimousin.com\/index.php\/2021\/10\/19\/oter-9-hectares-a-lindustrialisation-de-la-nature\/#primaryimage"},"image":{"@id":"https:\/\/adearlimousin.com\/index.php\/2021\/10\/19\/oter-9-hectares-a-lindustrialisation-de-la-nature\/#primaryimage"},"thumbnailUrl":"https:\/\/adearlimousin.com\/wp-content\/uploads\/2021\/10\/Marie-Ange-et-Thibaut-Javerdat-1024x680.png","datePublished":"2021-10-19T16:58:44+00:00","dateModified":"2021-10-20T10:29:03+00:00","breadcrumb":{"@id":"https:\/\/adearlimousin.com\/index.php\/2021\/10\/19\/oter-9-hectares-a-lindustrialisation-de-la-nature\/#breadcrumb"},"inLanguage":"fr-FR","potentialAction":[{"@type":"ReadAction","target":["https:\/\/adearlimousin.com\/index.php\/2021\/10\/19\/oter-9-hectares-a-lindustrialisation-de-la-nature\/"]}]},{"@type":"ImageObject","inLanguage":"fr-FR","@id":"https:\/\/adearlimousin.com\/index.php\/2021\/10\/19\/oter-9-hectares-a-lindustrialisation-de-la-nature\/#primaryimage","url":"https:\/\/adearlimousin.com\/wp-content\/uploads\/2021\/10\/Marie-Ange-et-Thibaut-Javerdat.png","contentUrl":"https:\/\/adearlimousin.com\/wp-content\/uploads\/2021\/10\/Marie-Ange-et-Thibaut-Javerdat.png","width":1280,"height":850},{"@type":"BreadcrumbList","@id":"https:\/\/adearlimousin.com\/index.php\/2021\/10\/19\/oter-9-hectares-a-lindustrialisation-de-la-nature\/#breadcrumb","itemListElement":[{"@type":"ListItem","position":1,"name":"Accueil","item":"https:\/\/adearlimousin.com\/"},{"@type":"ListItem","position":2,"name":"\u00d4ter 9 hectares \u00e0 l&rsquo;industrialisation de la Nature"}]},{"@type":"WebSite","@id":"https:\/\/adearlimousin.com\/#website","url":"https:\/\/adearlimousin.com\/","name":"ADEAR Limousin","description":"\u00catre paysan\u00b7ne en Limousin","publisher":{"@id":"https:\/\/adearlimousin.com\/#organization"},"potentialAction":[{"@type":"SearchAction","target":{"@type":"EntryPoint","urlTemplate":"https:\/\/adearlimousin.com\/?s={search_term_string}"},"query-input":{"@type":"PropertyValueSpecification","valueRequired":true,"valueName":"search_term_string"}}],"inLanguage":"fr-FR"},{"@type":"Organization","@id":"https:\/\/adearlimousin.com\/#organization","name":"Adear Limousin","url":"https:\/\/adearlimousin.com\/","logo":{"@type":"ImageObject","inLanguage":"fr-FR","@id":"https:\/\/adearlimousin.com\/#\/schema\/logo\/image\/","url":"https:\/\/adearlimousin.com\/wp-content\/uploads\/2017\/04\/ADEARLimousin-RAP_V14cm.jpg","contentUrl":"https:\/\/adearlimousin.com\/wp-content\/uploads\/2017\/04\/ADEARLimousin-RAP_V14cm.jpg","width":142,"height":118,"caption":"Adear Limousin"},"image":{"@id":"https:\/\/adearlimousin.com\/#\/schema\/logo\/image\/"},"sameAs":["https:\/\/www.facebook.com\/adearlimousin"]},{"@type":"Person","@id":"https:\/\/adearlimousin.com\/#\/schema\/person\/4bb74e0bb3a7a85a5aaff17ff1e66915","name":"Adearlim","image":{"@type":"ImageObject","inLanguage":"fr-FR","@id":"https:\/\/adearlimousin.com\/#\/schema\/person\/image\/","url":"https:\/\/secure.gravatar.com\/avatar\/b430ec7ba00b35d85d2ee0d6e5c02ad0bb6da2807681e933a2bc9f5a75dc7b21?s=96&d=mm&r=g","contentUrl":"https:\/\/secure.gravatar.com\/avatar\/b430ec7ba00b35d85d2ee0d6e5c02ad0bb6da2807681e933a2bc9f5a75dc7b21?s=96&d=mm&r=g","caption":"Adearlim"},"sameAs":["www.facebook.com\/adearlimousin"]}]}},"jetpack_publicize_connections":[],"jetpack_featured_media_url":"","uagb_featured_image_src":{"full":false,"thumbnail":false,"medium":false,"medium_large":false,"large":false,"1536x1536":false,"2048x2048":false,"post-thumbnail":false,"sela-hero-thumbnail":false,"sela-page-thumbnail":false,"sela-grid-thumbnail":false,"sela-testimonial-thumbnail":false,"sela-logo":false},"uagb_author_info":{"display_name":"Adearlim","author_link":"https:\/\/adearlimousin.com\/index.php\/author\/admin3869\/"},"uagb_comment_info":0,"uagb_excerpt":"Install\u00e9s depuis presque deux ans en Haute-Vienne \u00e0 Javerdat, Marie-Ange et Thibaut ont le souhait de prot\u00e9ger le patrimoine naturel tout en d\u00e9veloppant des ateliers de production, c&rsquo;est pourquoi ils &hellip; Lire la suite \u00d4ter 9 hectares \u00e0 l&rsquo;industrialisation de la Nature","jetpack_sharing_enabled":true,"jetpack_shortlink":"https:\/\/wp.me\/p8DPFj-1vJ","jetpack_likes_enabled":false,"_links":{"self":[{"href":"https:\/\/adearlimousin.com\/index.php\/wp-json\/wp\/v2\/posts\/5811","targetHints":{"allow":["GET"]}}],"collection":[{"href":"https:\/\/adearlimousin.com\/index.php\/wp-json\/wp\/v2\/posts"}],"about":[{"href":"https:\/\/adearlimousin.com\/index.php\/wp-json\/wp\/v2\/types\/post"}],"author":[{"embeddable":true,"href":"https:\/\/adearlimousin.com\/index.php\/wp-json\/wp\/v2\/users\/1"}],"replies":[{"embeddable":true,"href":"https:\/\/adearlimousin.com\/index.php\/wp-json\/wp\/v2\/comments?post=5811"}],"version-history":[{"count":1,"href":"https:\/\/adearlimousin.com\/index.php\/wp-json\/wp\/v2\/posts\/5811\/revisions"}],"predecessor-version":[{"id":5813,"href":"https:\/\/adearlimousin.com\/index.php\/wp-json\/wp\/v2\/posts\/5811\/revisions\/5813"}],"wp:attachment":[{"href":"https:\/\/adearlimousin.com\/index.php\/wp-json\/wp\/v2\/media?parent=5811"}],"wp:term":[{"taxonomy":"category","embeddable":true,"href":"https:\/\/adearlimousin.com\/index.php\/wp-json\/wp\/v2\/categories?post=5811"},{"taxonomy":"post_tag","embeddable":true,"href":"https:\/\/adearlimousin.com\/index.php\/wp-json\/wp\/v2\/tags?post=5811"}],"curies":[{"name":"wp","href":"https:\/\/api.w.org\/{rel}","templated":true}]}}