{"id":5956,"date":"2021-11-30T15:30:22","date_gmt":"2021-11-30T14:30:22","guid":{"rendered":"https:\/\/adearlimousin.com\/?p=5956"},"modified":"2021-11-30T15:30:24","modified_gmt":"2021-11-30T14:30:24","slug":"bientot-une-8eme-ferme-terre-de-liens-en-limousin","status":"publish","type":"post","link":"https:\/\/adearlimousin.com\/index.php\/2021\/11\/30\/bientot-une-8eme-ferme-terre-de-liens-en-limousin\/","title":{"rendered":"Bient\u00f4t une 8\u00e8me ferme Terre de Liens en Limousin !"},"content":{"rendered":"\n<p><strong>La Ferme de La Vallade<\/strong> sur la commune de Ladignac-le-long (87) devrait tr\u00e8s bient\u00f4t venir grossir les rangs des fermes Terre de Liens en Limousin.<\/p>\n\n\n\n<p>Contact\u00e9s en novembre 2020 par le fermier en place qui risquait de voir partir vers l\u2019agrandissement une partie des terres qu\u2019il exploitait, le dossier a \u00e9t\u00e9 instruit et pr\u00e9sent\u00e9 au Comit\u00e9 d\u2019engagement de la Fonci\u00e8re Terre de Liens en juillet 2021 qui l\u2019a accept\u00e9.<\/p>\n\n\n\n<p>La propri\u00e9t\u00e9 achet\u00e9e par Terre de Liens repr\u00e9sente environ 51 ha de terres agricoles auxquelles s\u2019ajoutent 8 ha environ de bois, le tout d\u2019un seul tenant. Il n\u2019y a pas de b\u00e2timents sur la ferme, le fermier, Pierre-Andr\u00e9 Jarry, conservant son logement \u00e0 Saint-Yrieix, et cultivant par ailleurs une cinquantaine d\u2019hectares suppl\u00e9mentaires \u00e0 Saint-Yrieix et Ladignac-le-Long. Originalit\u00e9 pour Terre de Liens en Limousin, toutes les terres, cultiv\u00e9es en agriculture biologique depuis 2015, sont consacr\u00e9es pour l\u2019essentiel aux grandes cultures&nbsp;(bl\u00e9, ma\u00efs, orge, sarrasin\u2026) avec des projets de diversification (lentilles, l\u00e9gumes de plein champ\u2026) et de transformation (farine) depuis 2018.<\/p>\n\n\n\n<p>Plus d\u2019infos sur le mouvement Terre de Liens en Limousin : <a href=\"http:\/\/terredeliens.org\/limousin\" target=\"_blank\" rel=\"noreferrer noopener\">terredeliens.org\/limousin<\/a><\/p>\n\n\n\n<p>Vous souhaitez pr\u00e9parer avec nous le lancement de la collecte d\u2019\u00e9pargne citoyenne ? Ecrivez \u00e0 limousin [at] terredeliens.org\u00a0!<\/p>\n","protected":false},"excerpt":{"rendered":"<p>La Ferme de La Vallade sur la commune de Ladignac-le-long (87) devrait tr\u00e8s bient\u00f4t venir grossir les rangs des fermes Terre de Liens en Limousin. Contact\u00e9s en novembre 2020 par &hellip; <a href=\"https:\/\/adearlimousin.com\/index.php\/2021\/11\/30\/bientot-une-8eme-ferme-terre-de-liens-en-limousin\/\" class=\"more-link\">Lire la suite <span class=\"screen-reader-text\">Bient\u00f4t une 8\u00e8me ferme Terre de Liens en Limousin !<\/span><\/a><\/p>\n","protected":false},"author":1,"featured_media":0,"comment_status":"closed","ping_status":"open","sticky":false,"template":"","format":"standard","meta":{"_uag_custom_page_level_css":"","_EventAllDay":false,"_EventTimezone":"","_EventStartDate":"","_EventEndDate":"","_EventStartDateUTC":"","_EventEndDateUTC":"","_EventShowMap":false,"_EventShowMapLink":false,"_EventURL":"","_EventCost":"","_EventCostDescription":"","_EventCurrencySymbol":"","_EventCurrencyCode":"","_EventCurrencyPosition":"","_EventDateTimeSeparator":"","_EventTimeRangeSeparator":"","_EventOrganizerID":[],"_EventVenueID":[],"_OrganizerEmail":"","_OrganizerPhone":"","_OrganizerWebsite":"","_VenueAddress":"","_VenueCity":"","_VenueCountry":"","_VenueProvince":"","_VenueState":"","_VenueZip":"","_VenuePhone":"","_VenueURL":"","_VenueStateProvince":"","_VenueLat":"","_VenueLng":"","_VenueShowMap":false,"_VenueShowMapLink":false,"_jetpack_memberships_contains_paid_content":false,"footnotes":"","jetpack_publicize_message":"","jetpack_publicize_feature_enabled":true,"jetpack_social_post_already_shared":true,"jetpack_social_options":{"image_generator_settings":{"template":"highway","default_image_id":0,"font":"","enabled":false},"version":2}},"categories":[1],"tags":[],"class_list":["post-5956","post","type-post","status-publish","format-standard","hentry","category-non-classe","without-featured-image"],"yoast_head":"<!-- This site is optimized with the Yoast SEO plugin v27.1.1 - https:\/\/yoast.com\/product\/yoast-seo-wordpress\/ -->\n<title>Bient\u00f4t une 8\u00e8me ferme Terre de Liens en Limousin ! - ADEAR Limousin<\/title>\n<meta name=\"robots\" content=\"index, follow, max-snippet:-1, max-image-preview:large, max-video-preview:-1\" \/>\n<link rel=\"canonical\" href=\"https:\/\/adearlimousin.com\/index.php\/2021\/11\/30\/bientot-une-8eme-ferme-terre-de-liens-en-limousin\/\" \/>\n<meta property=\"og:locale\" content=\"fr_FR\" \/>\n<meta property=\"og:type\" content=\"article\" \/>\n<meta property=\"og:title\" content=\"Bient\u00f4t une 8\u00e8me ferme Terre de Liens en Limousin ! - ADEAR Limousin\" \/>\n<meta property=\"og:description\" content=\"La Ferme de La Vallade sur la commune de Ladignac-le-long (87) devrait tr\u00e8s bient\u00f4t venir grossir les rangs des fermes Terre de Liens en Limousin. Contact\u00e9s en novembre 2020 par &hellip; Lire la suite Bient\u00f4t une 8\u00e8me ferme Terre de Liens en Limousin !\" \/>\n<meta property=\"og:url\" content=\"https:\/\/adearlimousin.com\/index.php\/2021\/11\/30\/bientot-une-8eme-ferme-terre-de-liens-en-limousin\/\" \/>\n<meta property=\"og:site_name\" content=\"ADEAR Limousin\" \/>\n<meta property=\"article:publisher\" content=\"https:\/\/www.facebook.com\/adearlimousin\" \/>\n<meta property=\"article:author\" content=\"www.facebook.com\/adearlimousin\" \/>\n<meta property=\"article:published_time\" content=\"2021-11-30T14:30:22+00:00\" \/>\n<meta property=\"article:modified_time\" content=\"2021-11-30T14:30:24+00:00\" \/>\n<meta property=\"og:image\" content=\"https:\/\/adearlimousin.com\/wp-content\/uploads\/2017\/04\/ADEARLimousin-RAP_V14cm.jpg\" \/>\n\t<meta property=\"og:image:width\" content=\"142\" \/>\n\t<meta property=\"og:image:height\" content=\"118\" \/>\n\t<meta property=\"og:image:type\" content=\"image\/jpeg\" \/>\n<meta name=\"author\" content=\"Adearlim\" \/>\n<meta name=\"twitter:card\" content=\"summary_large_image\" \/>\n<meta name=\"twitter:label1\" content=\"\u00c9crit par\" \/>\n\t<meta name=\"twitter:data1\" content=\"Adearlim\" \/>\n\t<meta name=\"twitter:label2\" content=\"Dur\u00e9e de lecture estim\u00e9e\" \/>\n\t<meta name=\"twitter:data2\" content=\"1 minute\" \/>\n<script type=\"application\/ld+json\" class=\"yoast-schema-graph\">{\"@context\":\"https:\/\/schema.org\",\"@graph\":[{\"@type\":\"Article\",\"@id\":\"https:\/\/adearlimousin.com\/index.php\/2021\/11\/30\/bientot-une-8eme-ferme-terre-de-liens-en-limousin\/#article\",\"isPartOf\":{\"@id\":\"https:\/\/adearlimousin.com\/index.php\/2021\/11\/30\/bientot-une-8eme-ferme-terre-de-liens-en-limousin\/\"},\"author\":{\"name\":\"Adearlim\",\"@id\":\"https:\/\/adearlimousin.com\/#\/schema\/person\/4bb74e0bb3a7a85a5aaff17ff1e66915\"},\"headline\":\"Bient\u00f4t une 8\u00e8me ferme Terre de Liens en Limousin !\",\"datePublished\":\"2021-11-30T14:30:22+00:00\",\"dateModified\":\"2021-11-30T14:30:24+00:00\",\"mainEntityOfPage\":{\"@id\":\"https:\/\/adearlimousin.com\/index.php\/2021\/11\/30\/bientot-une-8eme-ferme-terre-de-liens-en-limousin\/\"},\"wordCount\":226,\"publisher\":{\"@id\":\"https:\/\/adearlimousin.com\/#organization\"},\"inLanguage\":\"fr-FR\"},{\"@type\":\"WebPage\",\"@id\":\"https:\/\/adearlimousin.com\/index.php\/2021\/11\/30\/bientot-une-8eme-ferme-terre-de-liens-en-limousin\/\",\"url\":\"https:\/\/adearlimousin.com\/index.php\/2021\/11\/30\/bientot-une-8eme-ferme-terre-de-liens-en-limousin\/\",\"name\":\"Bient\u00f4t une 8\u00e8me ferme Terre de Liens en Limousin ! - ADEAR Limousin\",\"isPartOf\":{\"@id\":\"https:\/\/adearlimousin.com\/#website\"},\"datePublished\":\"2021-11-30T14:30:22+00:00\",\"dateModified\":\"2021-11-30T14:30:24+00:00\",\"breadcrumb\":{\"@id\":\"https:\/\/adearlimousin.com\/index.php\/2021\/11\/30\/bientot-une-8eme-ferme-terre-de-liens-en-limousin\/#breadcrumb\"},\"inLanguage\":\"fr-FR\",\"potentialAction\":[{\"@type\":\"ReadAction\",\"target\":[\"https:\/\/adearlimousin.com\/index.php\/2021\/11\/30\/bientot-une-8eme-ferme-terre-de-liens-en-limousin\/\"]}]},{\"@type\":\"BreadcrumbList\",\"@id\":\"https:\/\/adearlimousin.com\/index.php\/2021\/11\/30\/bientot-une-8eme-ferme-terre-de-liens-en-limousin\/#breadcrumb\",\"itemListElement\":[{\"@type\":\"ListItem\",\"position\":1,\"name\":\"Accueil\",\"item\":\"https:\/\/adearlimousin.com\/\"},{\"@type\":\"ListItem\",\"position\":2,\"name\":\"Bient\u00f4t une 8\u00e8me ferme Terre de Liens en Limousin !\"}]},{\"@type\":\"WebSite\",\"@id\":\"https:\/\/adearlimousin.com\/#website\",\"url\":\"https:\/\/adearlimousin.com\/\",\"name\":\"ADEAR Limousin\",\"description\":\"\u00catre paysan\u00b7ne en Limousin\",\"publisher\":{\"@id\":\"https:\/\/adearlimousin.com\/#organization\"},\"potentialAction\":[{\"@type\":\"SearchAction\",\"target\":{\"@type\":\"EntryPoint\",\"urlTemplate\":\"https:\/\/adearlimousin.com\/?s={search_term_string}\"},\"query-input\":{\"@type\":\"PropertyValueSpecification\",\"valueRequired\":true,\"valueName\":\"search_term_string\"}}],\"inLanguage\":\"fr-FR\"},{\"@type\":\"Organization\",\"@id\":\"https:\/\/adearlimousin.com\/#organization\",\"name\":\"Adear Limousin\",\"url\":\"https:\/\/adearlimousin.com\/\",\"logo\":{\"@type\":\"ImageObject\",\"inLanguage\":\"fr-FR\",\"@id\":\"https:\/\/adearlimousin.com\/#\/schema\/logo\/image\/\",\"url\":\"https:\/\/adearlimousin.com\/wp-content\/uploads\/2017\/04\/ADEARLimousin-RAP_V14cm.jpg\",\"contentUrl\":\"https:\/\/adearlimousin.com\/wp-content\/uploads\/2017\/04\/ADEARLimousin-RAP_V14cm.jpg\",\"width\":142,\"height\":118,\"caption\":\"Adear Limousin\"},\"image\":{\"@id\":\"https:\/\/adearlimousin.com\/#\/schema\/logo\/image\/\"},\"sameAs\":[\"https:\/\/www.facebook.com\/adearlimousin\"]},{\"@type\":\"Person\",\"@id\":\"https:\/\/adearlimousin.com\/#\/schema\/person\/4bb74e0bb3a7a85a5aaff17ff1e66915\",\"name\":\"Adearlim\",\"image\":{\"@type\":\"ImageObject\",\"inLanguage\":\"fr-FR\",\"@id\":\"https:\/\/adearlimousin.com\/#\/schema\/person\/image\/\",\"url\":\"https:\/\/secure.gravatar.com\/avatar\/b430ec7ba00b35d85d2ee0d6e5c02ad0bb6da2807681e933a2bc9f5a75dc7b21?s=96&d=mm&r=g\",\"contentUrl\":\"https:\/\/secure.gravatar.com\/avatar\/b430ec7ba00b35d85d2ee0d6e5c02ad0bb6da2807681e933a2bc9f5a75dc7b21?s=96&d=mm&r=g\",\"caption\":\"Adearlim\"},\"sameAs\":[\"www.facebook.com\/adearlimousin\"]}]}<\/script>\n<!-- \/ Yoast SEO plugin. -->","yoast_head_json":{"title":"Bient\u00f4t une 8\u00e8me ferme Terre de Liens en Limousin ! - ADEAR Limousin","robots":{"index":"index","follow":"follow","max-snippet":"max-snippet:-1","max-image-preview":"max-image-preview:large","max-video-preview":"max-video-preview:-1"},"canonical":"https:\/\/adearlimousin.com\/index.php\/2021\/11\/30\/bientot-une-8eme-ferme-terre-de-liens-en-limousin\/","og_locale":"fr_FR","og_type":"article","og_title":"Bient\u00f4t une 8\u00e8me ferme Terre de Liens en Limousin ! - ADEAR Limousin","og_description":"La Ferme de La Vallade sur la commune de Ladignac-le-long (87) devrait tr\u00e8s bient\u00f4t venir grossir les rangs des fermes Terre de Liens en Limousin. Contact\u00e9s en novembre 2020 par &hellip; Lire la suite Bient\u00f4t une 8\u00e8me ferme Terre de Liens en Limousin !","og_url":"https:\/\/adearlimousin.com\/index.php\/2021\/11\/30\/bientot-une-8eme-ferme-terre-de-liens-en-limousin\/","og_site_name":"ADEAR Limousin","article_publisher":"https:\/\/www.facebook.com\/adearlimousin","article_author":"www.facebook.com\/adearlimousin","article_published_time":"2021-11-30T14:30:22+00:00","article_modified_time":"2021-11-30T14:30:24+00:00","og_image":[{"width":142,"height":118,"url":"https:\/\/adearlimousin.com\/wp-content\/uploads\/2017\/04\/ADEARLimousin-RAP_V14cm.jpg","type":"image\/jpeg"}],"author":"Adearlim","twitter_card":"summary_large_image","twitter_misc":{"\u00c9crit par":"Adearlim","Dur\u00e9e de lecture estim\u00e9e":"1 minute"},"schema":{"@context":"https:\/\/schema.org","@graph":[{"@type":"Article","@id":"https:\/\/adearlimousin.com\/index.php\/2021\/11\/30\/bientot-une-8eme-ferme-terre-de-liens-en-limousin\/#article","isPartOf":{"@id":"https:\/\/adearlimousin.com\/index.php\/2021\/11\/30\/bientot-une-8eme-ferme-terre-de-liens-en-limousin\/"},"author":{"name":"Adearlim","@id":"https:\/\/adearlimousin.com\/#\/schema\/person\/4bb74e0bb3a7a85a5aaff17ff1e66915"},"headline":"Bient\u00f4t une 8\u00e8me ferme Terre de Liens en Limousin !","datePublished":"2021-11-30T14:30:22+00:00","dateModified":"2021-11-30T14:30:24+00:00","mainEntityOfPage":{"@id":"https:\/\/adearlimousin.com\/index.php\/2021\/11\/30\/bientot-une-8eme-ferme-terre-de-liens-en-limousin\/"},"wordCount":226,"publisher":{"@id":"https:\/\/adearlimousin.com\/#organization"},"inLanguage":"fr-FR"},{"@type":"WebPage","@id":"https:\/\/adearlimousin.com\/index.php\/2021\/11\/30\/bientot-une-8eme-ferme-terre-de-liens-en-limousin\/","url":"https:\/\/adearlimousin.com\/index.php\/2021\/11\/30\/bientot-une-8eme-ferme-terre-de-liens-en-limousin\/","name":"Bient\u00f4t une 8\u00e8me ferme Terre de Liens en Limousin ! - ADEAR Limousin","isPartOf":{"@id":"https:\/\/adearlimousin.com\/#website"},"datePublished":"2021-11-30T14:30:22+00:00","dateModified":"2021-11-30T14:30:24+00:00","breadcrumb":{"@id":"https:\/\/adearlimousin.com\/index.php\/2021\/11\/30\/bientot-une-8eme-ferme-terre-de-liens-en-limousin\/#breadcrumb"},"inLanguage":"fr-FR","potentialAction":[{"@type":"ReadAction","target":["https:\/\/adearlimousin.com\/index.php\/2021\/11\/30\/bientot-une-8eme-ferme-terre-de-liens-en-limousin\/"]}]},{"@type":"BreadcrumbList","@id":"https:\/\/adearlimousin.com\/index.php\/2021\/11\/30\/bientot-une-8eme-ferme-terre-de-liens-en-limousin\/#breadcrumb","itemListElement":[{"@type":"ListItem","position":1,"name":"Accueil","item":"https:\/\/adearlimousin.com\/"},{"@type":"ListItem","position":2,"name":"Bient\u00f4t une 8\u00e8me ferme Terre de Liens en Limousin !"}]},{"@type":"WebSite","@id":"https:\/\/adearlimousin.com\/#website","url":"https:\/\/adearlimousin.com\/","name":"ADEAR Limousin","description":"\u00catre paysan\u00b7ne en Limousin","publisher":{"@id":"https:\/\/adearlimousin.com\/#organization"},"potentialAction":[{"@type":"SearchAction","target":{"@type":"EntryPoint","urlTemplate":"https:\/\/adearlimousin.com\/?s={search_term_string}"},"query-input":{"@type":"PropertyValueSpecification","valueRequired":true,"valueName":"search_term_string"}}],"inLanguage":"fr-FR"},{"@type":"Organization","@id":"https:\/\/adearlimousin.com\/#organization","name":"Adear Limousin","url":"https:\/\/adearlimousin.com\/","logo":{"@type":"ImageObject","inLanguage":"fr-FR","@id":"https:\/\/adearlimousin.com\/#\/schema\/logo\/image\/","url":"https:\/\/adearlimousin.com\/wp-content\/uploads\/2017\/04\/ADEARLimousin-RAP_V14cm.jpg","contentUrl":"https:\/\/adearlimousin.com\/wp-content\/uploads\/2017\/04\/ADEARLimousin-RAP_V14cm.jpg","width":142,"height":118,"caption":"Adear Limousin"},"image":{"@id":"https:\/\/adearlimousin.com\/#\/schema\/logo\/image\/"},"sameAs":["https:\/\/www.facebook.com\/adearlimousin"]},{"@type":"Person","@id":"https:\/\/adearlimousin.com\/#\/schema\/person\/4bb74e0bb3a7a85a5aaff17ff1e66915","name":"Adearlim","image":{"@type":"ImageObject","inLanguage":"fr-FR","@id":"https:\/\/adearlimousin.com\/#\/schema\/person\/image\/","url":"https:\/\/secure.gravatar.com\/avatar\/b430ec7ba00b35d85d2ee0d6e5c02ad0bb6da2807681e933a2bc9f5a75dc7b21?s=96&d=mm&r=g","contentUrl":"https:\/\/secure.gravatar.com\/avatar\/b430ec7ba00b35d85d2ee0d6e5c02ad0bb6da2807681e933a2bc9f5a75dc7b21?s=96&d=mm&r=g","caption":"Adearlim"},"sameAs":["www.facebook.com\/adearlimousin"]}]}},"jetpack_publicize_connections":[],"jetpack_featured_media_url":"","uagb_featured_image_src":{"full":false,"thumbnail":false,"medium":false,"medium_large":false,"large":false,"1536x1536":false,"2048x2048":false,"post-thumbnail":false,"sela-hero-thumbnail":false,"sela-page-thumbnail":false,"sela-grid-thumbnail":false,"sela-testimonial-thumbnail":false,"sela-logo":false},"uagb_author_info":{"display_name":"Adearlim","author_link":"https:\/\/adearlimousin.com\/index.php\/author\/admin3869\/"},"uagb_comment_info":0,"uagb_excerpt":"La Ferme de La Vallade sur la commune de Ladignac-le-long (87) devrait tr\u00e8s bient\u00f4t venir grossir les rangs des fermes Terre de Liens en Limousin. Contact\u00e9s en novembre 2020 par &hellip; Lire la suite Bient\u00f4t une 8\u00e8me ferme Terre de Liens en Limousin !","jetpack_sharing_enabled":true,"jetpack_shortlink":"https:\/\/wp.me\/p8DPFj-1y4","jetpack_likes_enabled":false,"_links":{"self":[{"href":"https:\/\/adearlimousin.com\/index.php\/wp-json\/wp\/v2\/posts\/5956","targetHints":{"allow":["GET"]}}],"collection":[{"href":"https:\/\/adearlimousin.com\/index.php\/wp-json\/wp\/v2\/posts"}],"about":[{"href":"https:\/\/adearlimousin.com\/index.php\/wp-json\/wp\/v2\/types\/post"}],"author":[{"embeddable":true,"href":"https:\/\/adearlimousin.com\/index.php\/wp-json\/wp\/v2\/users\/1"}],"replies":[{"embeddable":true,"href":"https:\/\/adearlimousin.com\/index.php\/wp-json\/wp\/v2\/comments?post=5956"}],"version-history":[{"count":1,"href":"https:\/\/adearlimousin.com\/index.php\/wp-json\/wp\/v2\/posts\/5956\/revisions"}],"predecessor-version":[{"id":5958,"href":"https:\/\/adearlimousin.com\/index.php\/wp-json\/wp\/v2\/posts\/5956\/revisions\/5958"}],"wp:attachment":[{"href":"https:\/\/adearlimousin.com\/index.php\/wp-json\/wp\/v2\/media?parent=5956"}],"wp:term":[{"taxonomy":"category","embeddable":true,"href":"https:\/\/adearlimousin.com\/index.php\/wp-json\/wp\/v2\/categories?post=5956"},{"taxonomy":"post_tag","embeddable":true,"href":"https:\/\/adearlimousin.com\/index.php\/wp-json\/wp\/v2\/tags?post=5956"}],"curies":[{"name":"wp","href":"https:\/\/api.w.org\/{rel}","templated":true}]}}