{"id":7160,"date":"2023-09-29T12:26:23","date_gmt":"2023-09-29T10:26:23","guid":{"rendered":"https:\/\/adearlimousin.com\/?p=7160"},"modified":"2023-09-29T12:29:11","modified_gmt":"2023-09-29T10:29:11","slug":"lappel-a-projet-mecanisation-en-zone-de-montagne-est-ouvert-du-15-septembre-au-15-decembre-2023","status":"publish","type":"post","link":"https:\/\/adearlimousin.com\/index.php\/2023\/09\/29\/lappel-a-projet-mecanisation-en-zone-de-montagne-est-ouvert-du-15-septembre-au-15-decembre-2023\/","title":{"rendered":"L&rsquo;appel \u00e0 projet \u00ab\u00a0M\u00e9canisation en zone de montagne\u00a0\u00bb est ouvert du 15 septembre au 15 d\u00e9cembre 2023."},"content":{"rendered":"\n<p>Pour l&rsquo;instant, les <strong>pr\u00e9-demandes avec les pi\u00e8ces minimales<\/strong> sont \u00e0 d\u00e9poser en format papier puis les demandes compl\u00e8tes se feront de mani\u00e8re d\u00e9mat\u00e9rialis\u00e9e sur le site <strong>MDNA <\/strong>(apr\u00e8s le 23 octobre).<\/p>\n\n\n\n<p><strong>Voici les principales caract\u00e9ristiques de l&rsquo;AAP :<\/strong><\/p>\n\n\n\n<p>Taux de base de 35%+5% si achat en copropri\u00e9t\u00e9<br>Plancher : 5 000\u20ac<br>Plafonds par type d&rsquo;investissements<br>Eligibilit\u00e9 du demandeur :<br>-le si\u00e8ge de l&rsquo;exploitation doit \u00eatre en zone de montagne,<br>-la p\u00e9riodicit\u00e9 entre 2 demandes pour un \u00e9quipement identique est de 7 ans,<br>-le d\u00e9p\u00f4t d\u2019un nouveau dossier pour une m\u00eame exploitation agricole devra obligatoirement \u00eatre post\u00e9rieur \u00e0 la r\u00e9ception de la demande de solde du dossier \u00ab M\u00e9canisation en zone de montagne \u00bb pr\u00e9c\u00e9dent.<\/p>\n\n\n\n<p>Les d\u00e9penses sont \u00e9ligibles \u00e0 partir de la date de d\u00e9p\u00f4t de la pr\u00e9-demande d\u2019aide.<\/p>\n\n\n\n<p><strong>Crit\u00e8res de s\u00e9lection <\/strong>: certification environnementale de niveau 3, Agriculture biologique, transhumance, nouvel agriculteur ou jeune agriculteur, mat\u00e9riel am\u00e9liorant la s\u00e9curit\u00e9 ou la p\u00e9nibilit\u00e9, primo demandeur.<\/p>\n\n\n\n<p><strong>Investissements \u00e9ligibles :<\/strong><br>-Ouverture des milieux : jumelage de roues, option \u00ab pneumatiques basse pression \u00bb, option \u00ab kit chenilles pour quad et v\u00e9hicules l\u00e9gers \u00bb, broyeur axe horizontal, gyrobroyeur, broyeur sur cellule porte outil et broyeur tract\u00e9 derri\u00e8re quad (maximum 3m20), cellule porte outil (type motofaucheuses) avec \u00e9quipement adapt\u00e9.<br>-Cl\u00f4ture des parcelles accident\u00e9es ou pentues : enfonce pieux \u00e0 vibration sur attelage t\u00e9lescopique ou tracteur chargeur (uniquement en achat en copropri\u00e9t\u00e9 -3 exploitants mini).<br>-Gestion de l&rsquo;activit\u00e9 du p\u00e2turage\/\u00e9loignement\/conditions climatiques : b\u00e9taill\u00e8re (uniquement en achat en copropri\u00e9t\u00e9 &#8211; 3 exploitants min), abri d\u00e9pla\u00e7able version jeunes bovins.<\/p>\n\n\n\n<p>Les acquisitions de mat\u00e9riel en copropri\u00e9t\u00e9 sont \u00e9ligibles avec une convention de partenariat sign\u00e9e entre le chef de file et les autres partenaires.<\/p>\n\n\n\n<p>En Limousin, il faut <strong>fournir un diagnostic d&rsquo;exploitation<\/strong> d\u00e9montrant la pertinence des investissements propos\u00e9s.<\/p>\n\n\n\n<p><strong><a href=\"https:\/\/adearlimousin.com\/wp-content\/uploads\/2023\/09\/2300915_AAP_73.01.04_MecaZM_2023_PSR_V1.0.pdf\">><\/a>> L&rsquo;AAP en lien<a href=\"https:\/\/adearlimousin.com\/wp-content\/uploads\/2023\/09\/2300915_AAP_73.01.04_MecaZM_2023_PSR_V1.0.pdf\"> ici<\/a><br>Et le <a href=\"https:\/\/adearlimousin.com\/wp-content\/uploads\/2023\/09\/Formulaire-pre-demandes_InvestsMecaZM_2023.pdf\">Formulaire l\u00e0 <\/a><\/strong><\/p>\n\n\n\n<p><\/p>\n\n\n\n<p><\/p>\n\n\n\n<p><\/p>\n","protected":false},"excerpt":{"rendered":"<p>Pour l&rsquo;instant, les pr\u00e9-demandes avec les pi\u00e8ces minimales sont \u00e0 d\u00e9poser en format papier puis les demandes compl\u00e8tes se feront de mani\u00e8re d\u00e9mat\u00e9rialis\u00e9e sur le site MDNA (apr\u00e8s le 23 &hellip; <a href=\"https:\/\/adearlimousin.com\/index.php\/2023\/09\/29\/lappel-a-projet-mecanisation-en-zone-de-montagne-est-ouvert-du-15-septembre-au-15-decembre-2023\/\" class=\"more-link\">Lire la suite <span class=\"screen-reader-text\">L&rsquo;appel \u00e0 projet \u00ab\u00a0M\u00e9canisation en zone de montagne\u00a0\u00bb est ouvert du 15 septembre au 15 d\u00e9cembre 2023.<\/span><\/a><\/p>\n","protected":false},"author":1,"featured_media":0,"comment_status":"closed","ping_status":"open","sticky":false,"template":"","format":"standard","meta":{"_uag_custom_page_level_css":"","_EventAllDay":false,"_EventTimezone":"","_EventStartDate":"","_EventEndDate":"","_EventStartDateUTC":"","_EventEndDateUTC":"","_EventShowMap":false,"_EventShowMapLink":false,"_EventURL":"","_EventCost":"","_EventCostDescription":"","_EventCurrencySymbol":"","_EventCurrencyCode":"","_EventCurrencyPosition":"","_EventDateTimeSeparator":"","_EventTimeRangeSeparator":"","_EventOrganizerID":[],"_EventVenueID":[],"_OrganizerEmail":"","_OrganizerPhone":"","_OrganizerWebsite":"","_VenueAddress":"","_VenueCity":"","_VenueCountry":"","_VenueProvince":"","_VenueState":"","_VenueZip":"","_VenuePhone":"","_VenueURL":"","_VenueStateProvince":"","_VenueLat":"","_VenueLng":"","_VenueShowMap":false,"_VenueShowMapLink":false,"_jetpack_memberships_contains_paid_content":false,"footnotes":"","jetpack_publicize_message":"","jetpack_publicize_feature_enabled":false,"jetpack_social_post_already_shared":false,"jetpack_social_options":{"image_generator_settings":{"template":"highway","default_image_id":0,"font":"","enabled":false},"version":2}},"categories":[1],"tags":[],"class_list":["post-7160","post","type-post","status-publish","format-standard","hentry","category-non-classe","without-featured-image"],"yoast_head":"<!-- This site is optimized with the Yoast SEO plugin v27.1.1 - https:\/\/yoast.com\/product\/yoast-seo-wordpress\/ -->\n<title>L&#039;appel \u00e0 projet &quot;M\u00e9canisation en zone de montagne&quot; est ouvert du 15 septembre au 15 d\u00e9cembre 2023. - ADEAR Limousin<\/title>\n<meta name=\"robots\" content=\"index, follow, max-snippet:-1, max-image-preview:large, max-video-preview:-1\" \/>\n<link rel=\"canonical\" href=\"https:\/\/adearlimousin.com\/index.php\/2023\/09\/29\/lappel-a-projet-mecanisation-en-zone-de-montagne-est-ouvert-du-15-septembre-au-15-decembre-2023\/\" \/>\n<meta property=\"og:locale\" content=\"fr_FR\" \/>\n<meta property=\"og:type\" content=\"article\" \/>\n<meta property=\"og:title\" content=\"L&#039;appel \u00e0 projet &quot;M\u00e9canisation en zone de montagne&quot; est ouvert du 15 septembre au 15 d\u00e9cembre 2023. - ADEAR Limousin\" \/>\n<meta property=\"og:description\" content=\"Pour l&rsquo;instant, les pr\u00e9-demandes avec les pi\u00e8ces minimales sont \u00e0 d\u00e9poser en format papier puis les demandes compl\u00e8tes se feront de mani\u00e8re d\u00e9mat\u00e9rialis\u00e9e sur le site MDNA (apr\u00e8s le 23 &hellip; Lire la suite L&rsquo;appel \u00e0 projet \u00ab\u00a0M\u00e9canisation en zone de montagne\u00a0\u00bb est ouvert du 15 septembre au 15 d\u00e9cembre 2023.\" \/>\n<meta property=\"og:url\" content=\"https:\/\/adearlimousin.com\/index.php\/2023\/09\/29\/lappel-a-projet-mecanisation-en-zone-de-montagne-est-ouvert-du-15-septembre-au-15-decembre-2023\/\" \/>\n<meta property=\"og:site_name\" content=\"ADEAR Limousin\" \/>\n<meta property=\"article:publisher\" content=\"https:\/\/www.facebook.com\/adearlimousin\" \/>\n<meta property=\"article:author\" content=\"www.facebook.com\/adearlimousin\" \/>\n<meta property=\"article:published_time\" content=\"2023-09-29T10:26:23+00:00\" \/>\n<meta property=\"article:modified_time\" content=\"2023-09-29T10:29:11+00:00\" \/>\n<meta property=\"og:image\" content=\"https:\/\/adearlimousin.com\/wp-content\/uploads\/2017\/04\/ADEARLimousin-RAP_V14cm.jpg\" \/>\n\t<meta property=\"og:image:width\" content=\"142\" \/>\n\t<meta property=\"og:image:height\" content=\"118\" \/>\n\t<meta property=\"og:image:type\" content=\"image\/jpeg\" \/>\n<meta name=\"author\" content=\"Adearlim\" \/>\n<meta name=\"twitter:card\" content=\"summary_large_image\" \/>\n<meta name=\"twitter:label1\" content=\"\u00c9crit par\" \/>\n\t<meta name=\"twitter:data1\" content=\"Adearlim\" \/>\n\t<meta name=\"twitter:label2\" content=\"Dur\u00e9e de lecture estim\u00e9e\" \/>\n\t<meta name=\"twitter:data2\" content=\"2 minutes\" \/>\n<script type=\"application\/ld+json\" class=\"yoast-schema-graph\">{\"@context\":\"https:\/\/schema.org\",\"@graph\":[{\"@type\":\"Article\",\"@id\":\"https:\/\/adearlimousin.com\/index.php\/2023\/09\/29\/lappel-a-projet-mecanisation-en-zone-de-montagne-est-ouvert-du-15-septembre-au-15-decembre-2023\/#article\",\"isPartOf\":{\"@id\":\"https:\/\/adearlimousin.com\/index.php\/2023\/09\/29\/lappel-a-projet-mecanisation-en-zone-de-montagne-est-ouvert-du-15-septembre-au-15-decembre-2023\/\"},\"author\":{\"name\":\"Adearlim\",\"@id\":\"https:\/\/adearlimousin.com\/#\/schema\/person\/4bb74e0bb3a7a85a5aaff17ff1e66915\"},\"headline\":\"L&rsquo;appel \u00e0 projet \u00ab\u00a0M\u00e9canisation en zone de montagne\u00a0\u00bb est ouvert du 15 septembre au 15 d\u00e9cembre 2023.\",\"datePublished\":\"2023-09-29T10:26:23+00:00\",\"dateModified\":\"2023-09-29T10:29:11+00:00\",\"mainEntityOfPage\":{\"@id\":\"https:\/\/adearlimousin.com\/index.php\/2023\/09\/29\/lappel-a-projet-mecanisation-en-zone-de-montagne-est-ouvert-du-15-septembre-au-15-decembre-2023\/\"},\"wordCount\":338,\"publisher\":{\"@id\":\"https:\/\/adearlimousin.com\/#organization\"},\"inLanguage\":\"fr-FR\"},{\"@type\":\"WebPage\",\"@id\":\"https:\/\/adearlimousin.com\/index.php\/2023\/09\/29\/lappel-a-projet-mecanisation-en-zone-de-montagne-est-ouvert-du-15-septembre-au-15-decembre-2023\/\",\"url\":\"https:\/\/adearlimousin.com\/index.php\/2023\/09\/29\/lappel-a-projet-mecanisation-en-zone-de-montagne-est-ouvert-du-15-septembre-au-15-decembre-2023\/\",\"name\":\"L'appel \u00e0 projet \\\"M\u00e9canisation en zone de montagne\\\" est ouvert du 15 septembre au 15 d\u00e9cembre 2023. - ADEAR Limousin\",\"isPartOf\":{\"@id\":\"https:\/\/adearlimousin.com\/#website\"},\"datePublished\":\"2023-09-29T10:26:23+00:00\",\"dateModified\":\"2023-09-29T10:29:11+00:00\",\"breadcrumb\":{\"@id\":\"https:\/\/adearlimousin.com\/index.php\/2023\/09\/29\/lappel-a-projet-mecanisation-en-zone-de-montagne-est-ouvert-du-15-septembre-au-15-decembre-2023\/#breadcrumb\"},\"inLanguage\":\"fr-FR\",\"potentialAction\":[{\"@type\":\"ReadAction\",\"target\":[\"https:\/\/adearlimousin.com\/index.php\/2023\/09\/29\/lappel-a-projet-mecanisation-en-zone-de-montagne-est-ouvert-du-15-septembre-au-15-decembre-2023\/\"]}]},{\"@type\":\"BreadcrumbList\",\"@id\":\"https:\/\/adearlimousin.com\/index.php\/2023\/09\/29\/lappel-a-projet-mecanisation-en-zone-de-montagne-est-ouvert-du-15-septembre-au-15-decembre-2023\/#breadcrumb\",\"itemListElement\":[{\"@type\":\"ListItem\",\"position\":1,\"name\":\"Accueil\",\"item\":\"https:\/\/adearlimousin.com\/\"},{\"@type\":\"ListItem\",\"position\":2,\"name\":\"L&#8217;appel \u00e0 projet &#8220;M\u00e9canisation en zone de montagne&#8221; est ouvert du 15 septembre au 15 d\u00e9cembre 2023.\"}]},{\"@type\":\"WebSite\",\"@id\":\"https:\/\/adearlimousin.com\/#website\",\"url\":\"https:\/\/adearlimousin.com\/\",\"name\":\"ADEAR Limousin\",\"description\":\"\u00catre paysan\u00b7ne en Limousin\",\"publisher\":{\"@id\":\"https:\/\/adearlimousin.com\/#organization\"},\"potentialAction\":[{\"@type\":\"SearchAction\",\"target\":{\"@type\":\"EntryPoint\",\"urlTemplate\":\"https:\/\/adearlimousin.com\/?s={search_term_string}\"},\"query-input\":{\"@type\":\"PropertyValueSpecification\",\"valueRequired\":true,\"valueName\":\"search_term_string\"}}],\"inLanguage\":\"fr-FR\"},{\"@type\":\"Organization\",\"@id\":\"https:\/\/adearlimousin.com\/#organization\",\"name\":\"Adear Limousin\",\"url\":\"https:\/\/adearlimousin.com\/\",\"logo\":{\"@type\":\"ImageObject\",\"inLanguage\":\"fr-FR\",\"@id\":\"https:\/\/adearlimousin.com\/#\/schema\/logo\/image\/\",\"url\":\"https:\/\/adearlimousin.com\/wp-content\/uploads\/2017\/04\/ADEARLimousin-RAP_V14cm.jpg\",\"contentUrl\":\"https:\/\/adearlimousin.com\/wp-content\/uploads\/2017\/04\/ADEARLimousin-RAP_V14cm.jpg\",\"width\":142,\"height\":118,\"caption\":\"Adear Limousin\"},\"image\":{\"@id\":\"https:\/\/adearlimousin.com\/#\/schema\/logo\/image\/\"},\"sameAs\":[\"https:\/\/www.facebook.com\/adearlimousin\"]},{\"@type\":\"Person\",\"@id\":\"https:\/\/adearlimousin.com\/#\/schema\/person\/4bb74e0bb3a7a85a5aaff17ff1e66915\",\"name\":\"Adearlim\",\"image\":{\"@type\":\"ImageObject\",\"inLanguage\":\"fr-FR\",\"@id\":\"https:\/\/adearlimousin.com\/#\/schema\/person\/image\/\",\"url\":\"https:\/\/secure.gravatar.com\/avatar\/b430ec7ba00b35d85d2ee0d6e5c02ad0bb6da2807681e933a2bc9f5a75dc7b21?s=96&d=mm&r=g\",\"contentUrl\":\"https:\/\/secure.gravatar.com\/avatar\/b430ec7ba00b35d85d2ee0d6e5c02ad0bb6da2807681e933a2bc9f5a75dc7b21?s=96&d=mm&r=g\",\"caption\":\"Adearlim\"},\"sameAs\":[\"www.facebook.com\/adearlimousin\"]}]}<\/script>\n<!-- \/ Yoast SEO plugin. -->","yoast_head_json":{"title":"L'appel \u00e0 projet \"M\u00e9canisation en zone de montagne\" est ouvert du 15 septembre au 15 d\u00e9cembre 2023. - ADEAR Limousin","robots":{"index":"index","follow":"follow","max-snippet":"max-snippet:-1","max-image-preview":"max-image-preview:large","max-video-preview":"max-video-preview:-1"},"canonical":"https:\/\/adearlimousin.com\/index.php\/2023\/09\/29\/lappel-a-projet-mecanisation-en-zone-de-montagne-est-ouvert-du-15-septembre-au-15-decembre-2023\/","og_locale":"fr_FR","og_type":"article","og_title":"L'appel \u00e0 projet \"M\u00e9canisation en zone de montagne\" est ouvert du 15 septembre au 15 d\u00e9cembre 2023. - ADEAR Limousin","og_description":"Pour l&rsquo;instant, les pr\u00e9-demandes avec les pi\u00e8ces minimales sont \u00e0 d\u00e9poser en format papier puis les demandes compl\u00e8tes se feront de mani\u00e8re d\u00e9mat\u00e9rialis\u00e9e sur le site MDNA (apr\u00e8s le 23 &hellip; Lire la suite L&rsquo;appel \u00e0 projet \u00ab\u00a0M\u00e9canisation en zone de montagne\u00a0\u00bb est ouvert du 15 septembre au 15 d\u00e9cembre 2023.","og_url":"https:\/\/adearlimousin.com\/index.php\/2023\/09\/29\/lappel-a-projet-mecanisation-en-zone-de-montagne-est-ouvert-du-15-septembre-au-15-decembre-2023\/","og_site_name":"ADEAR Limousin","article_publisher":"https:\/\/www.facebook.com\/adearlimousin","article_author":"www.facebook.com\/adearlimousin","article_published_time":"2023-09-29T10:26:23+00:00","article_modified_time":"2023-09-29T10:29:11+00:00","og_image":[{"width":142,"height":118,"url":"https:\/\/adearlimousin.com\/wp-content\/uploads\/2017\/04\/ADEARLimousin-RAP_V14cm.jpg","type":"image\/jpeg"}],"author":"Adearlim","twitter_card":"summary_large_image","twitter_misc":{"\u00c9crit par":"Adearlim","Dur\u00e9e de lecture estim\u00e9e":"2 minutes"},"schema":{"@context":"https:\/\/schema.org","@graph":[{"@type":"Article","@id":"https:\/\/adearlimousin.com\/index.php\/2023\/09\/29\/lappel-a-projet-mecanisation-en-zone-de-montagne-est-ouvert-du-15-septembre-au-15-decembre-2023\/#article","isPartOf":{"@id":"https:\/\/adearlimousin.com\/index.php\/2023\/09\/29\/lappel-a-projet-mecanisation-en-zone-de-montagne-est-ouvert-du-15-septembre-au-15-decembre-2023\/"},"author":{"name":"Adearlim","@id":"https:\/\/adearlimousin.com\/#\/schema\/person\/4bb74e0bb3a7a85a5aaff17ff1e66915"},"headline":"L&rsquo;appel \u00e0 projet \u00ab\u00a0M\u00e9canisation en zone de montagne\u00a0\u00bb est ouvert du 15 septembre au 15 d\u00e9cembre 2023.","datePublished":"2023-09-29T10:26:23+00:00","dateModified":"2023-09-29T10:29:11+00:00","mainEntityOfPage":{"@id":"https:\/\/adearlimousin.com\/index.php\/2023\/09\/29\/lappel-a-projet-mecanisation-en-zone-de-montagne-est-ouvert-du-15-septembre-au-15-decembre-2023\/"},"wordCount":338,"publisher":{"@id":"https:\/\/adearlimousin.com\/#organization"},"inLanguage":"fr-FR"},{"@type":"WebPage","@id":"https:\/\/adearlimousin.com\/index.php\/2023\/09\/29\/lappel-a-projet-mecanisation-en-zone-de-montagne-est-ouvert-du-15-septembre-au-15-decembre-2023\/","url":"https:\/\/adearlimousin.com\/index.php\/2023\/09\/29\/lappel-a-projet-mecanisation-en-zone-de-montagne-est-ouvert-du-15-septembre-au-15-decembre-2023\/","name":"L'appel \u00e0 projet \"M\u00e9canisation en zone de montagne\" est ouvert du 15 septembre au 15 d\u00e9cembre 2023. - ADEAR Limousin","isPartOf":{"@id":"https:\/\/adearlimousin.com\/#website"},"datePublished":"2023-09-29T10:26:23+00:00","dateModified":"2023-09-29T10:29:11+00:00","breadcrumb":{"@id":"https:\/\/adearlimousin.com\/index.php\/2023\/09\/29\/lappel-a-projet-mecanisation-en-zone-de-montagne-est-ouvert-du-15-septembre-au-15-decembre-2023\/#breadcrumb"},"inLanguage":"fr-FR","potentialAction":[{"@type":"ReadAction","target":["https:\/\/adearlimousin.com\/index.php\/2023\/09\/29\/lappel-a-projet-mecanisation-en-zone-de-montagne-est-ouvert-du-15-septembre-au-15-decembre-2023\/"]}]},{"@type":"BreadcrumbList","@id":"https:\/\/adearlimousin.com\/index.php\/2023\/09\/29\/lappel-a-projet-mecanisation-en-zone-de-montagne-est-ouvert-du-15-septembre-au-15-decembre-2023\/#breadcrumb","itemListElement":[{"@type":"ListItem","position":1,"name":"Accueil","item":"https:\/\/adearlimousin.com\/"},{"@type":"ListItem","position":2,"name":"L&#8217;appel \u00e0 projet &#8220;M\u00e9canisation en zone de montagne&#8221; est ouvert du 15 septembre au 15 d\u00e9cembre 2023."}]},{"@type":"WebSite","@id":"https:\/\/adearlimousin.com\/#website","url":"https:\/\/adearlimousin.com\/","name":"ADEAR Limousin","description":"\u00catre paysan\u00b7ne en Limousin","publisher":{"@id":"https:\/\/adearlimousin.com\/#organization"},"potentialAction":[{"@type":"SearchAction","target":{"@type":"EntryPoint","urlTemplate":"https:\/\/adearlimousin.com\/?s={search_term_string}"},"query-input":{"@type":"PropertyValueSpecification","valueRequired":true,"valueName":"search_term_string"}}],"inLanguage":"fr-FR"},{"@type":"Organization","@id":"https:\/\/adearlimousin.com\/#organization","name":"Adear Limousin","url":"https:\/\/adearlimousin.com\/","logo":{"@type":"ImageObject","inLanguage":"fr-FR","@id":"https:\/\/adearlimousin.com\/#\/schema\/logo\/image\/","url":"https:\/\/adearlimousin.com\/wp-content\/uploads\/2017\/04\/ADEARLimousin-RAP_V14cm.jpg","contentUrl":"https:\/\/adearlimousin.com\/wp-content\/uploads\/2017\/04\/ADEARLimousin-RAP_V14cm.jpg","width":142,"height":118,"caption":"Adear Limousin"},"image":{"@id":"https:\/\/adearlimousin.com\/#\/schema\/logo\/image\/"},"sameAs":["https:\/\/www.facebook.com\/adearlimousin"]},{"@type":"Person","@id":"https:\/\/adearlimousin.com\/#\/schema\/person\/4bb74e0bb3a7a85a5aaff17ff1e66915","name":"Adearlim","image":{"@type":"ImageObject","inLanguage":"fr-FR","@id":"https:\/\/adearlimousin.com\/#\/schema\/person\/image\/","url":"https:\/\/secure.gravatar.com\/avatar\/b430ec7ba00b35d85d2ee0d6e5c02ad0bb6da2807681e933a2bc9f5a75dc7b21?s=96&d=mm&r=g","contentUrl":"https:\/\/secure.gravatar.com\/avatar\/b430ec7ba00b35d85d2ee0d6e5c02ad0bb6da2807681e933a2bc9f5a75dc7b21?s=96&d=mm&r=g","caption":"Adearlim"},"sameAs":["www.facebook.com\/adearlimousin"]}]}},"jetpack_publicize_connections":[],"jetpack_featured_media_url":"","uagb_featured_image_src":{"full":false,"thumbnail":false,"medium":false,"medium_large":false,"large":false,"1536x1536":false,"2048x2048":false,"post-thumbnail":false,"sela-hero-thumbnail":false,"sela-page-thumbnail":false,"sela-grid-thumbnail":false,"sela-testimonial-thumbnail":false,"sela-logo":false},"uagb_author_info":{"display_name":"Adearlim","author_link":"https:\/\/adearlimousin.com\/index.php\/author\/admin3869\/"},"uagb_comment_info":0,"uagb_excerpt":"Pour l&rsquo;instant, les pr\u00e9-demandes avec les pi\u00e8ces minimales sont \u00e0 d\u00e9poser en format papier puis les demandes compl\u00e8tes se feront de mani\u00e8re d\u00e9mat\u00e9rialis\u00e9e sur le site MDNA (apr\u00e8s le 23 &hellip; Lire la suite L&rsquo;appel \u00e0 projet \u00ab\u00a0M\u00e9canisation en zone de montagne\u00a0\u00bb est ouvert du 15 septembre au 15 d\u00e9cembre 2023.","jetpack_sharing_enabled":true,"jetpack_shortlink":"https:\/\/wp.me\/p8DPFj-1Ru","jetpack_likes_enabled":false,"_links":{"self":[{"href":"https:\/\/adearlimousin.com\/index.php\/wp-json\/wp\/v2\/posts\/7160","targetHints":{"allow":["GET"]}}],"collection":[{"href":"https:\/\/adearlimousin.com\/index.php\/wp-json\/wp\/v2\/posts"}],"about":[{"href":"https:\/\/adearlimousin.com\/index.php\/wp-json\/wp\/v2\/types\/post"}],"author":[{"embeddable":true,"href":"https:\/\/adearlimousin.com\/index.php\/wp-json\/wp\/v2\/users\/1"}],"replies":[{"embeddable":true,"href":"https:\/\/adearlimousin.com\/index.php\/wp-json\/wp\/v2\/comments?post=7160"}],"version-history":[{"count":2,"href":"https:\/\/adearlimousin.com\/index.php\/wp-json\/wp\/v2\/posts\/7160\/revisions"}],"predecessor-version":[{"id":7162,"href":"https:\/\/adearlimousin.com\/index.php\/wp-json\/wp\/v2\/posts\/7160\/revisions\/7162"}],"wp:attachment":[{"href":"https:\/\/adearlimousin.com\/index.php\/wp-json\/wp\/v2\/media?parent=7160"}],"wp:term":[{"taxonomy":"category","embeddable":true,"href":"https:\/\/adearlimousin.com\/index.php\/wp-json\/wp\/v2\/categories?post=7160"},{"taxonomy":"post_tag","embeddable":true,"href":"https:\/\/adearlimousin.com\/index.php\/wp-json\/wp\/v2\/tags?post=7160"}],"curies":[{"name":"wp","href":"https:\/\/api.w.org\/{rel}","templated":true}]}}