{"id":741,"date":"2017-07-26T15:10:08","date_gmt":"2017-07-26T13:10:08","guid":{"rendered":"http:\/\/ardearlimousin.com\/?p=741"},"modified":"2017-07-26T15:31:18","modified_gmt":"2017-07-26T13:31:18","slug":"confederation-paysanne-fete-30-ans","status":"publish","type":"post","link":"https:\/\/adearlimousin.com\/index.php\/2017\/07\/26\/confederation-paysanne-fete-30-ans\/","title":{"rendered":"La Conf\u00e9d\u00e9ration Paysanne f\u00eate ses 30 ans!"},"content":{"rendered":"<p><a href=\"http:\/\/30ansdelaconf.fr\/\"><img loading=\"lazy\" decoding=\"async\" class=\"alignnone size-medium wp-image-743 aligncenter\" src=\"http:\/\/ardearlimousin.com\/wp-content\/uploads\/2017\/07\/30-ans-conf-212x300.png\" alt=\"\" width=\"212\" height=\"300\" srcset=\"https:\/\/adearlimousin.com\/wp-content\/uploads\/2017\/07\/30-ans-conf-212x300.png 212w, https:\/\/adearlimousin.com\/wp-content\/uploads\/2017\/07\/30-ans-conf-268x380.png 268w, https:\/\/adearlimousin.com\/wp-content\/uploads\/2017\/07\/30-ans-conf.png 299w\" sizes=\"auto, (max-width: 212px) 100vw, 212px\" \/><\/a><\/p>\n<p><strong><span style=\"color: #ff0000;\">La Conf\u00e9d\u00e9ration Paysanne f\u00eate cette ann\u00e9e les 30 ans de sa cr\u00e9ation! Trois d\u00e9cennies de luttes en faveurs des paysan.ne.s, trois d\u00e9cennies de combats syndicaux, trois d\u00e9cennies de victoires aupr\u00e8s des citoyens!<\/span><\/strong><\/p>\n<p>Pour l\u2019occasion, elle organise <strong>les 18, 19 et 20 ao\u00fbt<\/strong> prochains <a href=\"http:\/\/30ansdelaconf.fr\/\">trois jours de rencontres et de festivit\u00e9s ouverts \u00e0 tous<\/a> <strong>en Charente Limousine, \u00e0 Alloue<\/strong>.<br \/>\nTrois jours de d\u00e9bats, d\u2019ateliers, de r\u00e9flexion, de musique, de rencontres et de bons produits ! Bref, de quoi se nourrir au sens propre comme au sens figur\u00e9 dans une ambiance conviviale, militante et festive.<strong> En t\u00e9moigne <a href=\"http:\/\/ardearlimousin.com\/wp-content\/uploads\/2017\/07\/flyer_30-ans_HD-1.pdf\">ce programme<\/a>!<\/strong><\/p>\n<p><strong>Vous souhaitez rejoindre l&rsquo;\u00e9quipe de b\u00e9n\u00e9voles?<\/strong> Que ce soit pour une demi-journ\u00e9e, un jour ou plus, sur un poste sp\u00e9cifique ou sans pr\u00e9f\u00e9rence particuli\u00e8re,<a href=\"http:\/\/30ansdelaconf.fr\/index.php\/benevoles\/\"> faites-vous conna\u00eetre<\/a> !<br \/>\n<strong>Contactez Lisa CLEMOT au 05-87-50-41-19 ou par mail: <a href=\"mailto:cplimousin@laposte.net\">cplimousin@laposte.net<\/a><\/strong><\/p>\n<p>Vous pouvez aussi prendre part au financement de l&rsquo;\u00e9v\u00e8nement, il est encore temps et les besoins sont r\u00e9els! <strong>Suivre <a href=\"https:\/\/www.helloasso.com\/associations\/confederation-paysanne\/collectes\/les-30-ans-de-la-conf\">ce lien<\/a> pour rejoindre la campagne de financement.<\/strong><\/p>\n","protected":false},"excerpt":{"rendered":"<p>La Conf\u00e9d\u00e9ration Paysanne f\u00eate cette ann\u00e9e les 30 ans de sa cr\u00e9ation! Trois d\u00e9cennies de luttes en faveurs des paysan.ne.s, trois d\u00e9cennies de combats syndicaux, trois d\u00e9cennies de victoires aupr\u00e8s &hellip; <a href=\"https:\/\/adearlimousin.com\/index.php\/2017\/07\/26\/confederation-paysanne-fete-30-ans\/\" class=\"more-link\">Lire la suite <span class=\"screen-reader-text\">La Conf\u00e9d\u00e9ration Paysanne f\u00eate ses 30 ans!<\/span><\/a><\/p>\n","protected":false},"author":1,"featured_media":0,"comment_status":"closed","ping_status":"open","sticky":false,"template":"","format":"standard","meta":{"_uag_custom_page_level_css":"","_EventAllDay":false,"_EventTimezone":"","_EventStartDate":"","_EventEndDate":"","_EventStartDateUTC":"","_EventEndDateUTC":"","_EventShowMap":false,"_EventShowMapLink":false,"_EventURL":"","_EventCost":"","_EventCostDescription":"","_EventCurrencySymbol":"","_EventCurrencyCode":"","_EventCurrencyPosition":"","_EventDateTimeSeparator":"","_EventTimeRangeSeparator":"","_EventOrganizerID":[],"_EventVenueID":[],"_OrganizerEmail":"","_OrganizerPhone":"","_OrganizerWebsite":"","_VenueAddress":"","_VenueCity":"","_VenueCountry":"","_VenueProvince":"","_VenueState":"","_VenueZip":"","_VenuePhone":"","_VenueURL":"","_VenueStateProvince":"","_VenueLat":"","_VenueLng":"","_VenueShowMap":false,"_VenueShowMapLink":false,"_jetpack_memberships_contains_paid_content":false,"footnotes":"","jetpack_publicize_message":"","jetpack_publicize_feature_enabled":true,"jetpack_social_post_already_shared":true,"jetpack_social_options":{"image_generator_settings":{"template":"highway","default_image_id":0,"font":"","enabled":false},"version":2}},"categories":[2],"tags":[],"class_list":["post-741","post","type-post","status-publish","format-standard","hentry","category-actus","without-featured-image"],"yoast_head":"<!-- This site is optimized with the Yoast SEO plugin v27.1.1 - https:\/\/yoast.com\/product\/yoast-seo-wordpress\/ -->\n<title>La Conf\u00e9d\u00e9ration Paysanne f\u00eate ses 30 ans! - ADEAR Limousin<\/title>\n<meta name=\"robots\" content=\"index, follow, max-snippet:-1, max-image-preview:large, max-video-preview:-1\" \/>\n<link rel=\"canonical\" href=\"https:\/\/adearlimousin.com\/index.php\/2017\/07\/26\/confederation-paysanne-fete-30-ans\/\" \/>\n<meta property=\"og:locale\" content=\"fr_FR\" \/>\n<meta property=\"og:type\" content=\"article\" \/>\n<meta property=\"og:title\" content=\"La Conf\u00e9d\u00e9ration Paysanne f\u00eate ses 30 ans! - ADEAR Limousin\" \/>\n<meta property=\"og:description\" content=\"La Conf\u00e9d\u00e9ration Paysanne f\u00eate cette ann\u00e9e les 30 ans de sa cr\u00e9ation! Trois d\u00e9cennies de luttes en faveurs des paysan.ne.s, trois d\u00e9cennies de combats syndicaux, trois d\u00e9cennies de victoires aupr\u00e8s &hellip; Lire la suite La Conf\u00e9d\u00e9ration Paysanne f\u00eate ses 30 ans!\" \/>\n<meta property=\"og:url\" content=\"https:\/\/adearlimousin.com\/index.php\/2017\/07\/26\/confederation-paysanne-fete-30-ans\/\" \/>\n<meta property=\"og:site_name\" content=\"ADEAR Limousin\" \/>\n<meta property=\"article:publisher\" content=\"https:\/\/www.facebook.com\/adearlimousin\" \/>\n<meta property=\"article:author\" content=\"www.facebook.com\/adearlimousin\" \/>\n<meta property=\"article:published_time\" content=\"2017-07-26T13:10:08+00:00\" \/>\n<meta property=\"article:modified_time\" content=\"2017-07-26T13:31:18+00:00\" \/>\n<meta property=\"og:image\" content=\"http:\/\/ardearlimousin.com\/wp-content\/uploads\/2017\/07\/30-ans-conf-212x300.png\" \/>\n<meta name=\"author\" content=\"Adearlim\" \/>\n<meta name=\"twitter:card\" content=\"summary_large_image\" \/>\n<meta name=\"twitter:label1\" content=\"\u00c9crit par\" \/>\n\t<meta name=\"twitter:data1\" content=\"Adearlim\" \/>\n\t<meta name=\"twitter:label2\" content=\"Dur\u00e9e de lecture estim\u00e9e\" \/>\n\t<meta name=\"twitter:data2\" content=\"1 minute\" \/>\n<script type=\"application\/ld+json\" class=\"yoast-schema-graph\">{\"@context\":\"https:\/\/schema.org\",\"@graph\":[{\"@type\":\"Article\",\"@id\":\"https:\/\/adearlimousin.com\/index.php\/2017\/07\/26\/confederation-paysanne-fete-30-ans\/#article\",\"isPartOf\":{\"@id\":\"https:\/\/adearlimousin.com\/index.php\/2017\/07\/26\/confederation-paysanne-fete-30-ans\/\"},\"author\":{\"name\":\"Adearlim\",\"@id\":\"https:\/\/adearlimousin.com\/#\/schema\/person\/4bb74e0bb3a7a85a5aaff17ff1e66915\"},\"headline\":\"La Conf\u00e9d\u00e9ration Paysanne f\u00eate ses 30 ans!\",\"datePublished\":\"2017-07-26T13:10:08+00:00\",\"dateModified\":\"2017-07-26T13:31:18+00:00\",\"mainEntityOfPage\":{\"@id\":\"https:\/\/adearlimousin.com\/index.php\/2017\/07\/26\/confederation-paysanne-fete-30-ans\/\"},\"wordCount\":196,\"publisher\":{\"@id\":\"https:\/\/adearlimousin.com\/#organization\"},\"image\":{\"@id\":\"https:\/\/adearlimousin.com\/index.php\/2017\/07\/26\/confederation-paysanne-fete-30-ans\/#primaryimage\"},\"thumbnailUrl\":\"http:\/\/ardearlimousin.com\/wp-content\/uploads\/2017\/07\/30-ans-conf-212x300.png\",\"articleSection\":[\"Actus\"],\"inLanguage\":\"fr-FR\"},{\"@type\":\"WebPage\",\"@id\":\"https:\/\/adearlimousin.com\/index.php\/2017\/07\/26\/confederation-paysanne-fete-30-ans\/\",\"url\":\"https:\/\/adearlimousin.com\/index.php\/2017\/07\/26\/confederation-paysanne-fete-30-ans\/\",\"name\":\"La Conf\u00e9d\u00e9ration Paysanne f\u00eate ses 30 ans! - ADEAR Limousin\",\"isPartOf\":{\"@id\":\"https:\/\/adearlimousin.com\/#website\"},\"primaryImageOfPage\":{\"@id\":\"https:\/\/adearlimousin.com\/index.php\/2017\/07\/26\/confederation-paysanne-fete-30-ans\/#primaryimage\"},\"image\":{\"@id\":\"https:\/\/adearlimousin.com\/index.php\/2017\/07\/26\/confederation-paysanne-fete-30-ans\/#primaryimage\"},\"thumbnailUrl\":\"http:\/\/ardearlimousin.com\/wp-content\/uploads\/2017\/07\/30-ans-conf-212x300.png\",\"datePublished\":\"2017-07-26T13:10:08+00:00\",\"dateModified\":\"2017-07-26T13:31:18+00:00\",\"breadcrumb\":{\"@id\":\"https:\/\/adearlimousin.com\/index.php\/2017\/07\/26\/confederation-paysanne-fete-30-ans\/#breadcrumb\"},\"inLanguage\":\"fr-FR\",\"potentialAction\":[{\"@type\":\"ReadAction\",\"target\":[\"https:\/\/adearlimousin.com\/index.php\/2017\/07\/26\/confederation-paysanne-fete-30-ans\/\"]}]},{\"@type\":\"ImageObject\",\"inLanguage\":\"fr-FR\",\"@id\":\"https:\/\/adearlimousin.com\/index.php\/2017\/07\/26\/confederation-paysanne-fete-30-ans\/#primaryimage\",\"url\":\"http:\/\/ardearlimousin.com\/wp-content\/uploads\/2017\/07\/30-ans-conf-212x300.png\",\"contentUrl\":\"http:\/\/ardearlimousin.com\/wp-content\/uploads\/2017\/07\/30-ans-conf-212x300.png\"},{\"@type\":\"BreadcrumbList\",\"@id\":\"https:\/\/adearlimousin.com\/index.php\/2017\/07\/26\/confederation-paysanne-fete-30-ans\/#breadcrumb\",\"itemListElement\":[{\"@type\":\"ListItem\",\"position\":1,\"name\":\"Accueil\",\"item\":\"https:\/\/adearlimousin.com\/\"},{\"@type\":\"ListItem\",\"position\":2,\"name\":\"La Conf\u00e9d\u00e9ration Paysanne f\u00eate ses 30 ans!\"}]},{\"@type\":\"WebSite\",\"@id\":\"https:\/\/adearlimousin.com\/#website\",\"url\":\"https:\/\/adearlimousin.com\/\",\"name\":\"ADEAR Limousin\",\"description\":\"\u00catre paysan\u00b7ne en Limousin\",\"publisher\":{\"@id\":\"https:\/\/adearlimousin.com\/#organization\"},\"potentialAction\":[{\"@type\":\"SearchAction\",\"target\":{\"@type\":\"EntryPoint\",\"urlTemplate\":\"https:\/\/adearlimousin.com\/?s={search_term_string}\"},\"query-input\":{\"@type\":\"PropertyValueSpecification\",\"valueRequired\":true,\"valueName\":\"search_term_string\"}}],\"inLanguage\":\"fr-FR\"},{\"@type\":\"Organization\",\"@id\":\"https:\/\/adearlimousin.com\/#organization\",\"name\":\"Adear Limousin\",\"url\":\"https:\/\/adearlimousin.com\/\",\"logo\":{\"@type\":\"ImageObject\",\"inLanguage\":\"fr-FR\",\"@id\":\"https:\/\/adearlimousin.com\/#\/schema\/logo\/image\/\",\"url\":\"https:\/\/adearlimousin.com\/wp-content\/uploads\/2017\/04\/ADEARLimousin-RAP_V14cm.jpg\",\"contentUrl\":\"https:\/\/adearlimousin.com\/wp-content\/uploads\/2017\/04\/ADEARLimousin-RAP_V14cm.jpg\",\"width\":142,\"height\":118,\"caption\":\"Adear Limousin\"},\"image\":{\"@id\":\"https:\/\/adearlimousin.com\/#\/schema\/logo\/image\/\"},\"sameAs\":[\"https:\/\/www.facebook.com\/adearlimousin\"]},{\"@type\":\"Person\",\"@id\":\"https:\/\/adearlimousin.com\/#\/schema\/person\/4bb74e0bb3a7a85a5aaff17ff1e66915\",\"name\":\"Adearlim\",\"image\":{\"@type\":\"ImageObject\",\"inLanguage\":\"fr-FR\",\"@id\":\"https:\/\/adearlimousin.com\/#\/schema\/person\/image\/\",\"url\":\"https:\/\/secure.gravatar.com\/avatar\/b430ec7ba00b35d85d2ee0d6e5c02ad0bb6da2807681e933a2bc9f5a75dc7b21?s=96&d=mm&r=g\",\"contentUrl\":\"https:\/\/secure.gravatar.com\/avatar\/b430ec7ba00b35d85d2ee0d6e5c02ad0bb6da2807681e933a2bc9f5a75dc7b21?s=96&d=mm&r=g\",\"caption\":\"Adearlim\"},\"sameAs\":[\"www.facebook.com\/adearlimousin\"]}]}<\/script>\n<!-- \/ Yoast SEO plugin. -->","yoast_head_json":{"title":"La Conf\u00e9d\u00e9ration Paysanne f\u00eate ses 30 ans! - ADEAR Limousin","robots":{"index":"index","follow":"follow","max-snippet":"max-snippet:-1","max-image-preview":"max-image-preview:large","max-video-preview":"max-video-preview:-1"},"canonical":"https:\/\/adearlimousin.com\/index.php\/2017\/07\/26\/confederation-paysanne-fete-30-ans\/","og_locale":"fr_FR","og_type":"article","og_title":"La Conf\u00e9d\u00e9ration Paysanne f\u00eate ses 30 ans! - ADEAR Limousin","og_description":"La Conf\u00e9d\u00e9ration Paysanne f\u00eate cette ann\u00e9e les 30 ans de sa cr\u00e9ation! Trois d\u00e9cennies de luttes en faveurs des paysan.ne.s, trois d\u00e9cennies de combats syndicaux, trois d\u00e9cennies de victoires aupr\u00e8s &hellip; Lire la suite La Conf\u00e9d\u00e9ration Paysanne f\u00eate ses 30 ans!","og_url":"https:\/\/adearlimousin.com\/index.php\/2017\/07\/26\/confederation-paysanne-fete-30-ans\/","og_site_name":"ADEAR Limousin","article_publisher":"https:\/\/www.facebook.com\/adearlimousin","article_author":"www.facebook.com\/adearlimousin","article_published_time":"2017-07-26T13:10:08+00:00","article_modified_time":"2017-07-26T13:31:18+00:00","og_image":[{"url":"http:\/\/ardearlimousin.com\/wp-content\/uploads\/2017\/07\/30-ans-conf-212x300.png","type":"","width":"","height":""}],"author":"Adearlim","twitter_card":"summary_large_image","twitter_misc":{"\u00c9crit par":"Adearlim","Dur\u00e9e de lecture estim\u00e9e":"1 minute"},"schema":{"@context":"https:\/\/schema.org","@graph":[{"@type":"Article","@id":"https:\/\/adearlimousin.com\/index.php\/2017\/07\/26\/confederation-paysanne-fete-30-ans\/#article","isPartOf":{"@id":"https:\/\/adearlimousin.com\/index.php\/2017\/07\/26\/confederation-paysanne-fete-30-ans\/"},"author":{"name":"Adearlim","@id":"https:\/\/adearlimousin.com\/#\/schema\/person\/4bb74e0bb3a7a85a5aaff17ff1e66915"},"headline":"La Conf\u00e9d\u00e9ration Paysanne f\u00eate ses 30 ans!","datePublished":"2017-07-26T13:10:08+00:00","dateModified":"2017-07-26T13:31:18+00:00","mainEntityOfPage":{"@id":"https:\/\/adearlimousin.com\/index.php\/2017\/07\/26\/confederation-paysanne-fete-30-ans\/"},"wordCount":196,"publisher":{"@id":"https:\/\/adearlimousin.com\/#organization"},"image":{"@id":"https:\/\/adearlimousin.com\/index.php\/2017\/07\/26\/confederation-paysanne-fete-30-ans\/#primaryimage"},"thumbnailUrl":"http:\/\/ardearlimousin.com\/wp-content\/uploads\/2017\/07\/30-ans-conf-212x300.png","articleSection":["Actus"],"inLanguage":"fr-FR"},{"@type":"WebPage","@id":"https:\/\/adearlimousin.com\/index.php\/2017\/07\/26\/confederation-paysanne-fete-30-ans\/","url":"https:\/\/adearlimousin.com\/index.php\/2017\/07\/26\/confederation-paysanne-fete-30-ans\/","name":"La Conf\u00e9d\u00e9ration Paysanne f\u00eate ses 30 ans! - ADEAR Limousin","isPartOf":{"@id":"https:\/\/adearlimousin.com\/#website"},"primaryImageOfPage":{"@id":"https:\/\/adearlimousin.com\/index.php\/2017\/07\/26\/confederation-paysanne-fete-30-ans\/#primaryimage"},"image":{"@id":"https:\/\/adearlimousin.com\/index.php\/2017\/07\/26\/confederation-paysanne-fete-30-ans\/#primaryimage"},"thumbnailUrl":"http:\/\/ardearlimousin.com\/wp-content\/uploads\/2017\/07\/30-ans-conf-212x300.png","datePublished":"2017-07-26T13:10:08+00:00","dateModified":"2017-07-26T13:31:18+00:00","breadcrumb":{"@id":"https:\/\/adearlimousin.com\/index.php\/2017\/07\/26\/confederation-paysanne-fete-30-ans\/#breadcrumb"},"inLanguage":"fr-FR","potentialAction":[{"@type":"ReadAction","target":["https:\/\/adearlimousin.com\/index.php\/2017\/07\/26\/confederation-paysanne-fete-30-ans\/"]}]},{"@type":"ImageObject","inLanguage":"fr-FR","@id":"https:\/\/adearlimousin.com\/index.php\/2017\/07\/26\/confederation-paysanne-fete-30-ans\/#primaryimage","url":"http:\/\/ardearlimousin.com\/wp-content\/uploads\/2017\/07\/30-ans-conf-212x300.png","contentUrl":"http:\/\/ardearlimousin.com\/wp-content\/uploads\/2017\/07\/30-ans-conf-212x300.png"},{"@type":"BreadcrumbList","@id":"https:\/\/adearlimousin.com\/index.php\/2017\/07\/26\/confederation-paysanne-fete-30-ans\/#breadcrumb","itemListElement":[{"@type":"ListItem","position":1,"name":"Accueil","item":"https:\/\/adearlimousin.com\/"},{"@type":"ListItem","position":2,"name":"La Conf\u00e9d\u00e9ration Paysanne f\u00eate ses 30 ans!"}]},{"@type":"WebSite","@id":"https:\/\/adearlimousin.com\/#website","url":"https:\/\/adearlimousin.com\/","name":"ADEAR Limousin","description":"\u00catre paysan\u00b7ne en Limousin","publisher":{"@id":"https:\/\/adearlimousin.com\/#organization"},"potentialAction":[{"@type":"SearchAction","target":{"@type":"EntryPoint","urlTemplate":"https:\/\/adearlimousin.com\/?s={search_term_string}"},"query-input":{"@type":"PropertyValueSpecification","valueRequired":true,"valueName":"search_term_string"}}],"inLanguage":"fr-FR"},{"@type":"Organization","@id":"https:\/\/adearlimousin.com\/#organization","name":"Adear Limousin","url":"https:\/\/adearlimousin.com\/","logo":{"@type":"ImageObject","inLanguage":"fr-FR","@id":"https:\/\/adearlimousin.com\/#\/schema\/logo\/image\/","url":"https:\/\/adearlimousin.com\/wp-content\/uploads\/2017\/04\/ADEARLimousin-RAP_V14cm.jpg","contentUrl":"https:\/\/adearlimousin.com\/wp-content\/uploads\/2017\/04\/ADEARLimousin-RAP_V14cm.jpg","width":142,"height":118,"caption":"Adear Limousin"},"image":{"@id":"https:\/\/adearlimousin.com\/#\/schema\/logo\/image\/"},"sameAs":["https:\/\/www.facebook.com\/adearlimousin"]},{"@type":"Person","@id":"https:\/\/adearlimousin.com\/#\/schema\/person\/4bb74e0bb3a7a85a5aaff17ff1e66915","name":"Adearlim","image":{"@type":"ImageObject","inLanguage":"fr-FR","@id":"https:\/\/adearlimousin.com\/#\/schema\/person\/image\/","url":"https:\/\/secure.gravatar.com\/avatar\/b430ec7ba00b35d85d2ee0d6e5c02ad0bb6da2807681e933a2bc9f5a75dc7b21?s=96&d=mm&r=g","contentUrl":"https:\/\/secure.gravatar.com\/avatar\/b430ec7ba00b35d85d2ee0d6e5c02ad0bb6da2807681e933a2bc9f5a75dc7b21?s=96&d=mm&r=g","caption":"Adearlim"},"sameAs":["www.facebook.com\/adearlimousin"]}]}},"jetpack_publicize_connections":[],"jetpack_featured_media_url":"","uagb_featured_image_src":{"full":false,"thumbnail":false,"medium":false,"medium_large":false,"large":false,"1536x1536":false,"2048x2048":false,"post-thumbnail":false,"sela-hero-thumbnail":false,"sela-page-thumbnail":false,"sela-grid-thumbnail":false,"sela-testimonial-thumbnail":false,"sela-logo":false},"uagb_author_info":{"display_name":"Adearlim","author_link":"https:\/\/adearlimousin.com\/index.php\/author\/admin3869\/"},"uagb_comment_info":0,"uagb_excerpt":"La Conf\u00e9d\u00e9ration Paysanne f\u00eate cette ann\u00e9e les 30 ans de sa cr\u00e9ation! Trois d\u00e9cennies de luttes en faveurs des paysan.ne.s, trois d\u00e9cennies de combats syndicaux, trois d\u00e9cennies de victoires aupr\u00e8s &hellip; Lire la suite La Conf\u00e9d\u00e9ration Paysanne f\u00eate ses 30 ans!","jetpack_sharing_enabled":true,"jetpack_shortlink":"https:\/\/wp.me\/p8DPFj-bX","jetpack_likes_enabled":false,"_links":{"self":[{"href":"https:\/\/adearlimousin.com\/index.php\/wp-json\/wp\/v2\/posts\/741","targetHints":{"allow":["GET"]}}],"collection":[{"href":"https:\/\/adearlimousin.com\/index.php\/wp-json\/wp\/v2\/posts"}],"about":[{"href":"https:\/\/adearlimousin.com\/index.php\/wp-json\/wp\/v2\/types\/post"}],"author":[{"embeddable":true,"href":"https:\/\/adearlimousin.com\/index.php\/wp-json\/wp\/v2\/users\/1"}],"replies":[{"embeddable":true,"href":"https:\/\/adearlimousin.com\/index.php\/wp-json\/wp\/v2\/comments?post=741"}],"version-history":[{"count":3,"href":"https:\/\/adearlimousin.com\/index.php\/wp-json\/wp\/v2\/posts\/741\/revisions"}],"predecessor-version":[{"id":745,"href":"https:\/\/adearlimousin.com\/index.php\/wp-json\/wp\/v2\/posts\/741\/revisions\/745"}],"wp:attachment":[{"href":"https:\/\/adearlimousin.com\/index.php\/wp-json\/wp\/v2\/media?parent=741"}],"wp:term":[{"taxonomy":"category","embeddable":true,"href":"https:\/\/adearlimousin.com\/index.php\/wp-json\/wp\/v2\/categories?post=741"},{"taxonomy":"post_tag","embeddable":true,"href":"https:\/\/adearlimousin.com\/index.php\/wp-json\/wp\/v2\/tags?post=741"}],"curies":[{"name":"wp","href":"https:\/\/api.w.org\/{rel}","templated":true}]}}