{"id":844,"date":"2017-09-06T16:20:26","date_gmt":"2017-09-06T14:20:26","guid":{"rendered":"http:\/\/ardearlimousin.com\/?p=844"},"modified":"2017-09-06T16:24:11","modified_gmt":"2017-09-06T14:24:11","slug":"lexposition-circuits-de-proximite-ligne","status":"publish","type":"post","link":"https:\/\/adearlimousin.com\/index.php\/2017\/09\/06\/lexposition-circuits-de-proximite-ligne\/","title":{"rendered":"L\u2019exposition sur les circuits de proximit\u00e9 est en ligne!"},"content":{"rendered":"<p>Rachel Virole pour les entretiens, Magda Kaminska pour la conception graphique et Antoine V\u00e9pierre pour le webdesign, ainsi que nos coll\u00e8gues du r\u00e9seau Inpact Limousin et de Geolab (Universit\u00e9 de Limoges),<\/p>\n<p>avec le soutien de la Fondation de France et de l&rsquo;ex-R\u00e9gion Limousin,<\/p>\n<p><strong>remercient tous les agriculteurs, commer\u00e7ant.e.s et consommateurs qui ont accept\u00e9 de consacrer du temps aux entretiens et relectures,<\/strong><\/p>\n<p>et ont le plaisir de vous annoncer la mise en ligne de l&rsquo;exposition <a href=\"http:\/\/www.proximites-obs.fr\/agir\/expo-circuits-courts\/\"><strong>\u00ab\u00a0collectifs et circuits courts en Limousin\u00a0\u00bb<\/strong><\/a> (que vous pouvez retrouver<strong> en version kakemono sur r\u00e9servation<\/strong> et bient\u00f4t en version papier).<\/p>\n<p><a href=\"http:\/\/www.proximites-obs.fr\/agir\/expo-circuits-courts\/\" target=\"_blank\" rel=\"noopener noreferrer\"><img loading=\"lazy\" decoding=\"async\" class=\"aligncenter wp-image-846\" src=\"http:\/\/ardearlimousin.com\/wp-content\/uploads\/2017\/09\/RU_presentation-1-1-127x300.jpg\" alt=\"\" width=\"232\" height=\"548\" srcset=\"https:\/\/adearlimousin.com\/wp-content\/uploads\/2017\/09\/RU_presentation-1-1-127x300.jpg 127w, https:\/\/adearlimousin.com\/wp-content\/uploads\/2017\/09\/RU_presentation-1-1-161x380.jpg 161w\" sizes=\"auto, (max-width: 232px) 100vw, 232px\" \/><\/a><\/p>\n","protected":false},"excerpt":{"rendered":"<p>Rachel Virole pour les entretiens, Magda Kaminska pour la conception graphique et Antoine V\u00e9pierre pour le webdesign, ainsi que nos coll\u00e8gues du r\u00e9seau Inpact Limousin et de Geolab (Universit\u00e9 de &hellip; <a href=\"https:\/\/adearlimousin.com\/index.php\/2017\/09\/06\/lexposition-circuits-de-proximite-ligne\/\" class=\"more-link\">Lire la suite <span class=\"screen-reader-text\">L\u2019exposition sur les circuits de proximit\u00e9 est en ligne!<\/span><\/a><\/p>\n","protected":false},"author":1,"featured_media":0,"comment_status":"closed","ping_status":"open","sticky":false,"template":"","format":"standard","meta":{"_uag_custom_page_level_css":"","_EventAllDay":false,"_EventTimezone":"","_EventStartDate":"","_EventEndDate":"","_EventStartDateUTC":"","_EventEndDateUTC":"","_EventShowMap":false,"_EventShowMapLink":false,"_EventURL":"","_EventCost":"","_EventCostDescription":"","_EventCurrencySymbol":"","_EventCurrencyCode":"","_EventCurrencyPosition":"","_EventDateTimeSeparator":"","_EventTimeRangeSeparator":"","_EventOrganizerID":[],"_EventVenueID":[],"_OrganizerEmail":"","_OrganizerPhone":"","_OrganizerWebsite":"","_VenueAddress":"","_VenueCity":"","_VenueCountry":"","_VenueProvince":"","_VenueState":"","_VenueZip":"","_VenuePhone":"","_VenueURL":"","_VenueStateProvince":"","_VenueLat":"","_VenueLng":"","_VenueShowMap":false,"_VenueShowMapLink":false,"_jetpack_memberships_contains_paid_content":false,"footnotes":"","jetpack_publicize_message":"","jetpack_publicize_feature_enabled":true,"jetpack_social_post_already_shared":true,"jetpack_social_options":{"image_generator_settings":{"template":"highway","default_image_id":0,"font":"","enabled":false},"version":2}},"categories":[2],"tags":[],"class_list":["post-844","post","type-post","status-publish","format-standard","hentry","category-actus","without-featured-image"],"yoast_head":"<!-- This site is optimized with the Yoast SEO plugin v27.1.1 - https:\/\/yoast.com\/product\/yoast-seo-wordpress\/ -->\n<title>L\u2019exposition sur les circuits de proximit\u00e9 est en ligne! - ADEAR Limousin<\/title>\n<meta name=\"robots\" content=\"index, follow, max-snippet:-1, max-image-preview:large, max-video-preview:-1\" \/>\n<link rel=\"canonical\" href=\"https:\/\/adearlimousin.com\/index.php\/2017\/09\/06\/lexposition-circuits-de-proximite-ligne\/\" \/>\n<meta property=\"og:locale\" content=\"fr_FR\" \/>\n<meta property=\"og:type\" content=\"article\" \/>\n<meta property=\"og:title\" content=\"L\u2019exposition sur les circuits de proximit\u00e9 est en ligne! - ADEAR Limousin\" \/>\n<meta property=\"og:description\" content=\"Rachel Virole pour les entretiens, Magda Kaminska pour la conception graphique et Antoine V\u00e9pierre pour le webdesign, ainsi que nos coll\u00e8gues du r\u00e9seau Inpact Limousin et de Geolab (Universit\u00e9 de &hellip; Lire la suite L\u2019exposition sur les circuits de proximit\u00e9 est en ligne!\" \/>\n<meta property=\"og:url\" content=\"https:\/\/adearlimousin.com\/index.php\/2017\/09\/06\/lexposition-circuits-de-proximite-ligne\/\" \/>\n<meta property=\"og:site_name\" content=\"ADEAR Limousin\" \/>\n<meta property=\"article:publisher\" content=\"https:\/\/www.facebook.com\/adearlimousin\" \/>\n<meta property=\"article:author\" content=\"www.facebook.com\/adearlimousin\" \/>\n<meta property=\"article:published_time\" content=\"2017-09-06T14:20:26+00:00\" \/>\n<meta property=\"article:modified_time\" content=\"2017-09-06T14:24:11+00:00\" \/>\n<meta property=\"og:image\" content=\"http:\/\/ardearlimousin.com\/wp-content\/uploads\/2017\/09\/RU_presentation-1-1-127x300.jpg\" \/>\n<meta name=\"author\" content=\"Adearlim\" \/>\n<meta name=\"twitter:card\" content=\"summary_large_image\" \/>\n<meta name=\"twitter:label1\" content=\"\u00c9crit par\" \/>\n\t<meta name=\"twitter:data1\" content=\"Adearlim\" \/>\n\t<meta name=\"twitter:label2\" content=\"Dur\u00e9e de lecture estim\u00e9e\" \/>\n\t<meta name=\"twitter:data2\" content=\"1 minute\" \/>\n<script type=\"application\/ld+json\" class=\"yoast-schema-graph\">{\"@context\":\"https:\/\/schema.org\",\"@graph\":[{\"@type\":\"Article\",\"@id\":\"https:\/\/adearlimousin.com\/index.php\/2017\/09\/06\/lexposition-circuits-de-proximite-ligne\/#article\",\"isPartOf\":{\"@id\":\"https:\/\/adearlimousin.com\/index.php\/2017\/09\/06\/lexposition-circuits-de-proximite-ligne\/\"},\"author\":{\"name\":\"Adearlim\",\"@id\":\"https:\/\/adearlimousin.com\/#\/schema\/person\/4bb74e0bb3a7a85a5aaff17ff1e66915\"},\"headline\":\"L\u2019exposition sur les circuits de proximit\u00e9 est en ligne!\",\"datePublished\":\"2017-09-06T14:20:26+00:00\",\"dateModified\":\"2017-09-06T14:24:11+00:00\",\"mainEntityOfPage\":{\"@id\":\"https:\/\/adearlimousin.com\/index.php\/2017\/09\/06\/lexposition-circuits-de-proximite-ligne\/\"},\"wordCount\":113,\"publisher\":{\"@id\":\"https:\/\/adearlimousin.com\/#organization\"},\"image\":{\"@id\":\"https:\/\/adearlimousin.com\/index.php\/2017\/09\/06\/lexposition-circuits-de-proximite-ligne\/#primaryimage\"},\"thumbnailUrl\":\"http:\/\/ardearlimousin.com\/wp-content\/uploads\/2017\/09\/RU_presentation-1-1-127x300.jpg\",\"articleSection\":[\"Actus\"],\"inLanguage\":\"fr-FR\"},{\"@type\":\"WebPage\",\"@id\":\"https:\/\/adearlimousin.com\/index.php\/2017\/09\/06\/lexposition-circuits-de-proximite-ligne\/\",\"url\":\"https:\/\/adearlimousin.com\/index.php\/2017\/09\/06\/lexposition-circuits-de-proximite-ligne\/\",\"name\":\"L\u2019exposition sur les circuits de proximit\u00e9 est en ligne! - ADEAR Limousin\",\"isPartOf\":{\"@id\":\"https:\/\/adearlimousin.com\/#website\"},\"primaryImageOfPage\":{\"@id\":\"https:\/\/adearlimousin.com\/index.php\/2017\/09\/06\/lexposition-circuits-de-proximite-ligne\/#primaryimage\"},\"image\":{\"@id\":\"https:\/\/adearlimousin.com\/index.php\/2017\/09\/06\/lexposition-circuits-de-proximite-ligne\/#primaryimage\"},\"thumbnailUrl\":\"http:\/\/ardearlimousin.com\/wp-content\/uploads\/2017\/09\/RU_presentation-1-1-127x300.jpg\",\"datePublished\":\"2017-09-06T14:20:26+00:00\",\"dateModified\":\"2017-09-06T14:24:11+00:00\",\"breadcrumb\":{\"@id\":\"https:\/\/adearlimousin.com\/index.php\/2017\/09\/06\/lexposition-circuits-de-proximite-ligne\/#breadcrumb\"},\"inLanguage\":\"fr-FR\",\"potentialAction\":[{\"@type\":\"ReadAction\",\"target\":[\"https:\/\/adearlimousin.com\/index.php\/2017\/09\/06\/lexposition-circuits-de-proximite-ligne\/\"]}]},{\"@type\":\"ImageObject\",\"inLanguage\":\"fr-FR\",\"@id\":\"https:\/\/adearlimousin.com\/index.php\/2017\/09\/06\/lexposition-circuits-de-proximite-ligne\/#primaryimage\",\"url\":\"http:\/\/ardearlimousin.com\/wp-content\/uploads\/2017\/09\/RU_presentation-1-1-127x300.jpg\",\"contentUrl\":\"http:\/\/ardearlimousin.com\/wp-content\/uploads\/2017\/09\/RU_presentation-1-1-127x300.jpg\"},{\"@type\":\"BreadcrumbList\",\"@id\":\"https:\/\/adearlimousin.com\/index.php\/2017\/09\/06\/lexposition-circuits-de-proximite-ligne\/#breadcrumb\",\"itemListElement\":[{\"@type\":\"ListItem\",\"position\":1,\"name\":\"Accueil\",\"item\":\"https:\/\/adearlimousin.com\/\"},{\"@type\":\"ListItem\",\"position\":2,\"name\":\"L\u2019exposition sur les circuits de proximit\u00e9 est en ligne!\"}]},{\"@type\":\"WebSite\",\"@id\":\"https:\/\/adearlimousin.com\/#website\",\"url\":\"https:\/\/adearlimousin.com\/\",\"name\":\"ADEAR Limousin\",\"description\":\"\u00catre paysan\u00b7ne en Limousin\",\"publisher\":{\"@id\":\"https:\/\/adearlimousin.com\/#organization\"},\"potentialAction\":[{\"@type\":\"SearchAction\",\"target\":{\"@type\":\"EntryPoint\",\"urlTemplate\":\"https:\/\/adearlimousin.com\/?s={search_term_string}\"},\"query-input\":{\"@type\":\"PropertyValueSpecification\",\"valueRequired\":true,\"valueName\":\"search_term_string\"}}],\"inLanguage\":\"fr-FR\"},{\"@type\":\"Organization\",\"@id\":\"https:\/\/adearlimousin.com\/#organization\",\"name\":\"Adear Limousin\",\"url\":\"https:\/\/adearlimousin.com\/\",\"logo\":{\"@type\":\"ImageObject\",\"inLanguage\":\"fr-FR\",\"@id\":\"https:\/\/adearlimousin.com\/#\/schema\/logo\/image\/\",\"url\":\"https:\/\/adearlimousin.com\/wp-content\/uploads\/2017\/04\/ADEARLimousin-RAP_V14cm.jpg\",\"contentUrl\":\"https:\/\/adearlimousin.com\/wp-content\/uploads\/2017\/04\/ADEARLimousin-RAP_V14cm.jpg\",\"width\":142,\"height\":118,\"caption\":\"Adear Limousin\"},\"image\":{\"@id\":\"https:\/\/adearlimousin.com\/#\/schema\/logo\/image\/\"},\"sameAs\":[\"https:\/\/www.facebook.com\/adearlimousin\"]},{\"@type\":\"Person\",\"@id\":\"https:\/\/adearlimousin.com\/#\/schema\/person\/4bb74e0bb3a7a85a5aaff17ff1e66915\",\"name\":\"Adearlim\",\"image\":{\"@type\":\"ImageObject\",\"inLanguage\":\"fr-FR\",\"@id\":\"https:\/\/adearlimousin.com\/#\/schema\/person\/image\/\",\"url\":\"https:\/\/secure.gravatar.com\/avatar\/b430ec7ba00b35d85d2ee0d6e5c02ad0bb6da2807681e933a2bc9f5a75dc7b21?s=96&d=mm&r=g\",\"contentUrl\":\"https:\/\/secure.gravatar.com\/avatar\/b430ec7ba00b35d85d2ee0d6e5c02ad0bb6da2807681e933a2bc9f5a75dc7b21?s=96&d=mm&r=g\",\"caption\":\"Adearlim\"},\"sameAs\":[\"www.facebook.com\/adearlimousin\"]}]}<\/script>\n<!-- \/ Yoast SEO plugin. -->","yoast_head_json":{"title":"L\u2019exposition sur les circuits de proximit\u00e9 est en ligne! - ADEAR Limousin","robots":{"index":"index","follow":"follow","max-snippet":"max-snippet:-1","max-image-preview":"max-image-preview:large","max-video-preview":"max-video-preview:-1"},"canonical":"https:\/\/adearlimousin.com\/index.php\/2017\/09\/06\/lexposition-circuits-de-proximite-ligne\/","og_locale":"fr_FR","og_type":"article","og_title":"L\u2019exposition sur les circuits de proximit\u00e9 est en ligne! - ADEAR Limousin","og_description":"Rachel Virole pour les entretiens, Magda Kaminska pour la conception graphique et Antoine V\u00e9pierre pour le webdesign, ainsi que nos coll\u00e8gues du r\u00e9seau Inpact Limousin et de Geolab (Universit\u00e9 de &hellip; Lire la suite L\u2019exposition sur les circuits de proximit\u00e9 est en ligne!","og_url":"https:\/\/adearlimousin.com\/index.php\/2017\/09\/06\/lexposition-circuits-de-proximite-ligne\/","og_site_name":"ADEAR Limousin","article_publisher":"https:\/\/www.facebook.com\/adearlimousin","article_author":"www.facebook.com\/adearlimousin","article_published_time":"2017-09-06T14:20:26+00:00","article_modified_time":"2017-09-06T14:24:11+00:00","og_image":[{"url":"http:\/\/ardearlimousin.com\/wp-content\/uploads\/2017\/09\/RU_presentation-1-1-127x300.jpg","type":"","width":"","height":""}],"author":"Adearlim","twitter_card":"summary_large_image","twitter_misc":{"\u00c9crit par":"Adearlim","Dur\u00e9e de lecture estim\u00e9e":"1 minute"},"schema":{"@context":"https:\/\/schema.org","@graph":[{"@type":"Article","@id":"https:\/\/adearlimousin.com\/index.php\/2017\/09\/06\/lexposition-circuits-de-proximite-ligne\/#article","isPartOf":{"@id":"https:\/\/adearlimousin.com\/index.php\/2017\/09\/06\/lexposition-circuits-de-proximite-ligne\/"},"author":{"name":"Adearlim","@id":"https:\/\/adearlimousin.com\/#\/schema\/person\/4bb74e0bb3a7a85a5aaff17ff1e66915"},"headline":"L\u2019exposition sur les circuits de proximit\u00e9 est en ligne!","datePublished":"2017-09-06T14:20:26+00:00","dateModified":"2017-09-06T14:24:11+00:00","mainEntityOfPage":{"@id":"https:\/\/adearlimousin.com\/index.php\/2017\/09\/06\/lexposition-circuits-de-proximite-ligne\/"},"wordCount":113,"publisher":{"@id":"https:\/\/adearlimousin.com\/#organization"},"image":{"@id":"https:\/\/adearlimousin.com\/index.php\/2017\/09\/06\/lexposition-circuits-de-proximite-ligne\/#primaryimage"},"thumbnailUrl":"http:\/\/ardearlimousin.com\/wp-content\/uploads\/2017\/09\/RU_presentation-1-1-127x300.jpg","articleSection":["Actus"],"inLanguage":"fr-FR"},{"@type":"WebPage","@id":"https:\/\/adearlimousin.com\/index.php\/2017\/09\/06\/lexposition-circuits-de-proximite-ligne\/","url":"https:\/\/adearlimousin.com\/index.php\/2017\/09\/06\/lexposition-circuits-de-proximite-ligne\/","name":"L\u2019exposition sur les circuits de proximit\u00e9 est en ligne! - ADEAR Limousin","isPartOf":{"@id":"https:\/\/adearlimousin.com\/#website"},"primaryImageOfPage":{"@id":"https:\/\/adearlimousin.com\/index.php\/2017\/09\/06\/lexposition-circuits-de-proximite-ligne\/#primaryimage"},"image":{"@id":"https:\/\/adearlimousin.com\/index.php\/2017\/09\/06\/lexposition-circuits-de-proximite-ligne\/#primaryimage"},"thumbnailUrl":"http:\/\/ardearlimousin.com\/wp-content\/uploads\/2017\/09\/RU_presentation-1-1-127x300.jpg","datePublished":"2017-09-06T14:20:26+00:00","dateModified":"2017-09-06T14:24:11+00:00","breadcrumb":{"@id":"https:\/\/adearlimousin.com\/index.php\/2017\/09\/06\/lexposition-circuits-de-proximite-ligne\/#breadcrumb"},"inLanguage":"fr-FR","potentialAction":[{"@type":"ReadAction","target":["https:\/\/adearlimousin.com\/index.php\/2017\/09\/06\/lexposition-circuits-de-proximite-ligne\/"]}]},{"@type":"ImageObject","inLanguage":"fr-FR","@id":"https:\/\/adearlimousin.com\/index.php\/2017\/09\/06\/lexposition-circuits-de-proximite-ligne\/#primaryimage","url":"http:\/\/ardearlimousin.com\/wp-content\/uploads\/2017\/09\/RU_presentation-1-1-127x300.jpg","contentUrl":"http:\/\/ardearlimousin.com\/wp-content\/uploads\/2017\/09\/RU_presentation-1-1-127x300.jpg"},{"@type":"BreadcrumbList","@id":"https:\/\/adearlimousin.com\/index.php\/2017\/09\/06\/lexposition-circuits-de-proximite-ligne\/#breadcrumb","itemListElement":[{"@type":"ListItem","position":1,"name":"Accueil","item":"https:\/\/adearlimousin.com\/"},{"@type":"ListItem","position":2,"name":"L\u2019exposition sur les circuits de proximit\u00e9 est en ligne!"}]},{"@type":"WebSite","@id":"https:\/\/adearlimousin.com\/#website","url":"https:\/\/adearlimousin.com\/","name":"ADEAR Limousin","description":"\u00catre paysan\u00b7ne en Limousin","publisher":{"@id":"https:\/\/adearlimousin.com\/#organization"},"potentialAction":[{"@type":"SearchAction","target":{"@type":"EntryPoint","urlTemplate":"https:\/\/adearlimousin.com\/?s={search_term_string}"},"query-input":{"@type":"PropertyValueSpecification","valueRequired":true,"valueName":"search_term_string"}}],"inLanguage":"fr-FR"},{"@type":"Organization","@id":"https:\/\/adearlimousin.com\/#organization","name":"Adear Limousin","url":"https:\/\/adearlimousin.com\/","logo":{"@type":"ImageObject","inLanguage":"fr-FR","@id":"https:\/\/adearlimousin.com\/#\/schema\/logo\/image\/","url":"https:\/\/adearlimousin.com\/wp-content\/uploads\/2017\/04\/ADEARLimousin-RAP_V14cm.jpg","contentUrl":"https:\/\/adearlimousin.com\/wp-content\/uploads\/2017\/04\/ADEARLimousin-RAP_V14cm.jpg","width":142,"height":118,"caption":"Adear Limousin"},"image":{"@id":"https:\/\/adearlimousin.com\/#\/schema\/logo\/image\/"},"sameAs":["https:\/\/www.facebook.com\/adearlimousin"]},{"@type":"Person","@id":"https:\/\/adearlimousin.com\/#\/schema\/person\/4bb74e0bb3a7a85a5aaff17ff1e66915","name":"Adearlim","image":{"@type":"ImageObject","inLanguage":"fr-FR","@id":"https:\/\/adearlimousin.com\/#\/schema\/person\/image\/","url":"https:\/\/secure.gravatar.com\/avatar\/b430ec7ba00b35d85d2ee0d6e5c02ad0bb6da2807681e933a2bc9f5a75dc7b21?s=96&d=mm&r=g","contentUrl":"https:\/\/secure.gravatar.com\/avatar\/b430ec7ba00b35d85d2ee0d6e5c02ad0bb6da2807681e933a2bc9f5a75dc7b21?s=96&d=mm&r=g","caption":"Adearlim"},"sameAs":["www.facebook.com\/adearlimousin"]}]}},"jetpack_publicize_connections":[],"jetpack_featured_media_url":"","uagb_featured_image_src":{"full":false,"thumbnail":false,"medium":false,"medium_large":false,"large":false,"1536x1536":false,"2048x2048":false,"post-thumbnail":false,"sela-hero-thumbnail":false,"sela-page-thumbnail":false,"sela-grid-thumbnail":false,"sela-testimonial-thumbnail":false,"sela-logo":false},"uagb_author_info":{"display_name":"Adearlim","author_link":"https:\/\/adearlimousin.com\/index.php\/author\/admin3869\/"},"uagb_comment_info":0,"uagb_excerpt":"Rachel Virole pour les entretiens, Magda Kaminska pour la conception graphique et Antoine V\u00e9pierre pour le webdesign, ainsi que nos coll\u00e8gues du r\u00e9seau Inpact Limousin et de Geolab (Universit\u00e9 de &hellip; Lire la suite L\u2019exposition sur les circuits de proximit\u00e9 est en ligne!","jetpack_sharing_enabled":true,"jetpack_shortlink":"https:\/\/wp.me\/p8DPFj-dC","jetpack_likes_enabled":false,"_links":{"self":[{"href":"https:\/\/adearlimousin.com\/index.php\/wp-json\/wp\/v2\/posts\/844","targetHints":{"allow":["GET"]}}],"collection":[{"href":"https:\/\/adearlimousin.com\/index.php\/wp-json\/wp\/v2\/posts"}],"about":[{"href":"https:\/\/adearlimousin.com\/index.php\/wp-json\/wp\/v2\/types\/post"}],"author":[{"embeddable":true,"href":"https:\/\/adearlimousin.com\/index.php\/wp-json\/wp\/v2\/users\/1"}],"replies":[{"embeddable":true,"href":"https:\/\/adearlimousin.com\/index.php\/wp-json\/wp\/v2\/comments?post=844"}],"version-history":[{"count":3,"href":"https:\/\/adearlimousin.com\/index.php\/wp-json\/wp\/v2\/posts\/844\/revisions"}],"predecessor-version":[{"id":849,"href":"https:\/\/adearlimousin.com\/index.php\/wp-json\/wp\/v2\/posts\/844\/revisions\/849"}],"wp:attachment":[{"href":"https:\/\/adearlimousin.com\/index.php\/wp-json\/wp\/v2\/media?parent=844"}],"wp:term":[{"taxonomy":"category","embeddable":true,"href":"https:\/\/adearlimousin.com\/index.php\/wp-json\/wp\/v2\/categories?post=844"},{"taxonomy":"post_tag","embeddable":true,"href":"https:\/\/adearlimousin.com\/index.php\/wp-json\/wp\/v2\/tags?post=844"}],"curies":[{"name":"wp","href":"https:\/\/api.w.org\/{rel}","templated":true}]}}